{"id":11533,"date":"2026-03-09T09:28:06","date_gmt":"2026-03-09T08:28:06","guid":{"rendered":"https:\/\/ecole.ecj23.org\/?p=11533"},"modified":"2026-04-10T11:10:58","modified_gmt":"2026-04-10T09:10:58","slug":"carnaval-en-ce2e-masques-defile-et-farandole-de-bonne-humeur","status":"publish","type":"post","link":"https:\/\/ecole.ecj23.org\/index.php\/2026\/03\/09\/carnaval-en-ce2e-masques-defile-et-farandole-de-bonne-humeur\/","title":{"rendered":"Carnaval en CE2E\u00a0 : masques, d\u00e9fil\u00e9 et farandole de bonne humeur!"},"content":{"rendered":"\n<p class=\"x_MsoNormal\"><span data-ogsc=\"black\" data-olk-copy-source=\"MessageBody\">En cette veille de vacances d\u2019hiver, les \u00e9l\u00e8ves de la classe de CE2E a vibr\u00e9 au rythme du carnaval.<\/span><\/p>\n<p class=\"x_MsoNormal\"><span data-ogsc=\"black\">Apr\u00e8s avoir confectionn\u00e9 leurs propres masques, les \u00e9l\u00e8ves ont fi\u00e8rement d\u00e9fil\u00e9 dans les autres classes de CE2 dans la joie, la bonne humeur et au rythme de la musique rappelant le Carnaval de Rio.<\/span><\/p>\n<p class=\"x_MsoNormal\"><span data-ogsc=\"black\">Pour cl\u00f4turer cette parenth\u00e8se festive, ils se sont retrouv\u00e9s autour d&rsquo;un go\u00fbter convivial, marquant ainsi une pause bien m\u00e9rit\u00e9e avant le repos des vacances.<\/span><\/p>\n<p class=\"x_MsoNormal\" aria-hidden=\"true\">\u00a0<\/p>\n\n\n\n<figure class=\"wp-block-image size-large\"><a href=\"https:\/\/ecole.ecj23.org\/wp-content\/uploads\/2026\/03\/Carnaval-scaled.jpg\"><img loading=\"lazy\" decoding=\"async\" width=\"1024\" height=\"768\" src=\"https:\/\/ecole.ecj23.org\/wp-content\/uploads\/2026\/03\/Carnaval-1024x768.jpg\" alt=\"\" class=\"wp-image-11534\" srcset=\"https:\/\/ecole.ecj23.org\/wp-content\/uploads\/2026\/03\/Carnaval-1024x768.jpg 1024w, https:\/\/ecole.ecj23.org\/wp-content\/uploads\/2026\/03\/Carnaval-300x225.jpg 300w, https:\/\/ecole.ecj23.org\/wp-content\/uploads\/2026\/03\/Carnaval-768x576.jpg 768w, https:\/\/ecole.ecj23.org\/wp-content\/uploads\/2026\/03\/Carnaval-100x75.jpg 100w, https:\/\/ecole.ecj23.org\/wp-content\/uploads\/2026\/03\/Carnaval-1536x1152.jpg 1536w, https:\/\/ecole.ecj23.org\/wp-content\/uploads\/2026\/03\/Carnaval-2048x1536.jpg 2048w\" sizes=\"auto, (max-width: 1024px) 100vw, 1024px\" \/><\/a><\/figure>\n","protected":false},"excerpt":{"rendered":"<p>En cette veille de vacances d\u2019hiver, les \u00e9l\u00e8ves de la classe de CE2E a vibr\u00e9 au rythme du carnaval. Apr\u00e8s avoir confectionn\u00e9 leurs propres masques, les \u00e9l\u00e8ves ont fi\u00e8rement d\u00e9fil\u00e9 [&hellip;]<\/p>\n","protected":false},"author":10,"featured_media":0,"comment_status":"closed","ping_status":"open","sticky":false,"template":"","format":"standard","meta":{"_jetpack_memberships_contains_paid_content":false,"footnotes":""},"categories":[107],"tags":[],"class_list":["post-11533","post","type-post","status-publish","format-standard","hentry","category-2025-2026"],"jetpack_featured_media_url":"","jetpack_sharing_enabled":true,"_links":{"self":[{"href":"https:\/\/ecole.ecj23.org\/index.php\/wp-json\/wp\/v2\/posts\/11533","targetHints":{"allow":["GET"]}}],"collection":[{"href":"https:\/\/ecole.ecj23.org\/index.php\/wp-json\/wp\/v2\/posts"}],"about":[{"href":"https:\/\/ecole.ecj23.org\/index.php\/wp-json\/wp\/v2\/types\/post"}],"author":[{"embeddable":true,"href":"https:\/\/ecole.ecj23.org\/index.php\/wp-json\/wp\/v2\/users\/10"}],"replies":[{"embeddable":true,"href":"https:\/\/ecole.ecj23.org\/index.php\/wp-json\/wp\/v2\/comments?post=11533"}],"version-history":[{"count":1,"href":"https:\/\/ecole.ecj23.org\/index.php\/wp-json\/wp\/v2\/posts\/11533\/revisions"}],"predecessor-version":[{"id":11535,"href":"https:\/\/ecole.ecj23.org\/index.php\/wp-json\/wp\/v2\/posts\/11533\/revisions\/11535"}],"wp:attachment":[{"href":"https:\/\/ecole.ecj23.org\/index.php\/wp-json\/wp\/v2\/media?parent=11533"}],"wp:term":[{"taxonomy":"category","embeddable":true,"href":"https:\/\/ecole.ecj23.org\/index.php\/wp-json\/wp\/v2\/categories?post=11533"},{"taxonomy":"post_tag","embeddable":true,"href":"https:\/\/ecole.ecj23.org\/index.php\/wp-json\/wp\/v2\/tags?post=11533"}],"curies":[{"name":"wp","href":"https:\/\/api.w.org\/{rel}","templated":true}]}}