{"id":1496,"date":"2016-05-07T11:40:53","date_gmt":"2016-05-07T10:40:53","guid":{"rendered":"http:\/\/ecole.ecj23.org\/?p=1496"},"modified":"2016-10-31T10:04:08","modified_gmt":"2016-10-31T09:04:08","slug":"20162017-annee-fourviere","status":"publish","type":"post","link":"https:\/\/ecole.ecj23.org\/index.php\/2016\/05\/07\/20162017-annee-fourviere\/","title":{"rendered":"2016\/2017 Ann\u00e9e Fourvi\u00e8re"},"content":{"rendered":"<p style=\"text-align: justify;\"><a href=\"http:\/\/ecole.ecj23.org\/wp-content\/uploads\/2016\/05\/basilique-1.jpg\" rel=\"attachment wp-att-1499\"><img loading=\"lazy\" decoding=\"async\" class=\"alignnone size-full wp-image-1499\" src=\"http:\/\/ecole.ecj23.org\/wp-content\/uploads\/2016\/05\/basilique-1.jpg\" alt=\"\" width=\"1275\" height=\"695\" srcset=\"https:\/\/ecole.ecj23.org\/wp-content\/uploads\/2016\/05\/basilique-1.jpg 1275w, https:\/\/ecole.ecj23.org\/wp-content\/uploads\/2016\/05\/basilique-1-300x164.jpg 300w, https:\/\/ecole.ecj23.org\/wp-content\/uploads\/2016\/05\/basilique-1-768x419.jpg 768w, https:\/\/ecole.ecj23.org\/wp-content\/uploads\/2016\/05\/basilique-1-1024x558.jpg 1024w\" sizes=\"auto, (max-width: 1275px) 100vw, 1275px\" \/><\/a><\/p>\n<p style=\"text-align: justify;\"><span style=\"color: #3366ff;\"><strong>Dans la pr\u00e9paration du bicentenaire de la cr\u00e9ation de l\u2019Institut mariste\u00a0 (qui sera c\u00e9l\u00e9br\u00e9 le 2 janvier 2017), cette ann\u00e9e 2015\/16 est appel\u00e9e l\u2019Ann\u00e9e FOURVIERE.<\/strong><\/span><\/p>\n<p style=\"text-align: justify;\"><span style=\"color: #3366ff;\"><strong>Nombreux \u00eates-vous \u00e0 conna\u00eetre la colline de Fourvi\u00e8re qui surplombe la ville de Lyon, la grande Basilique qui domine toute la ville de sa haute stature blanche. Peu nombreux sans doute \u00eates-vous \u00e0 conna\u00eetre le lien entre Notre-Dame de Fourvi\u00e8re et l\u2019Institut mariste\u00a0?<\/strong><\/span><!--more--><\/p>\n<p style=\"text-align: justify;\"><span style=\"color: #3366ff;\"><strong>Le 23 juillet 1816, le lendemain de leur ordination,\u00a0 un groupe de jeunes pr\u00eatres, pleins d\u2019ardeur, se rend au Sanctuaire de Fourvi\u00e8re\u00a0: parmi eux, Marcellin CHAMPAGNAT. Sur la colline n\u2019existait alors qu\u2019une petite chapelle d\u00e9di\u00e9e \u00e0\u00a0 la \u00a0Bonne M\u00e8re\u00a0; la grande Basilique ne sera construite que bien plus tard. Dans cette petite chapelle, Marcellin et ses compagnons font la promesse de cr\u00e9er la Soci\u00e9t\u00e9 de MARIE, en y mettant toutes leurs forces, toute leur ardeur,\u00a0 toute leur intelligence. Cette ann\u00e9e 2016, nombreux sont les groupes maristes qui se rendent dans cette chapelle pour y renouveler, chacun, sa propre promesse, son propre engagement. Des milliers de la\u00efcs du\u00a0 monde entier se sentent appel\u00e9s \u00e0 vivre l\u2019Evangile \u00e0 la mani\u00e8re de Marie, dans\u00a0 la tradition du P\u00e8re Champagnat et des premiers fr\u00e8res.<\/strong><\/span><\/p>\n<p style=\"text-align: justify;\"><span style=\"color: #3366ff;\"><strong>Ainsi dans toutes les Ecoles maristes du monde,\u00a0 nous avons cette ann\u00e9e travaill\u00e9 autour du th\u00e8me\u00a0: <\/strong><\/span><\/p>\n<p style=\"text-align: justify;\"><span style=\"color: #3366ff;\"><strong>\u00a0 \u00a0 \u00a0 \u00a0 \u00a0 \u00a0 \u00a0 \u00a0 \u00a0 \u00a0 \u00a0 \u00a0 \u00a0 \u00a0 \u00a0 \u00a0 \u00a0 \u00a0 \u00a0 \u00a0 \u00a0 \u00a0 \u00a0 \u00a0 \u00a0 \u00a0 \u00a0 \u00ab\u00a0L\u2019ann\u00e9e Fourvi\u00e8re\u00a0: un nouveau commencement\u00a0!\u00a0\u00bb<\/strong><\/span><\/p>\n<p style=\"text-align: justify;\"><span style=\"color: #3366ff;\"><strong>Un nouveau commencement aussi pour notre Ecole qui\u00a0 s\u2019approprie de plus en plus le charisme mariste, pour devenir de plus en plus une \u00e9cole o\u00f9 l\u2019on vit dans la simplicit\u00e9, la modestie et\u00a0 l\u2019humilit\u00e9\u00a0: ces trois valeurs maristes que nous redisent avec force les trois violettes, symboles de l\u2019esprit mariste.<\/strong><\/span><\/p>\n<p style=\"text-align: justify;\">\u00a0<a href=\"http:\/\/ecole.ecj23.org\/wp-content\/uploads\/2016\/05\/violets-300x200.jpg\" rel=\"attachment wp-att-1503\"><img loading=\"lazy\" decoding=\"async\" class=\"size-full wp-image-1503 aligncenter\" src=\"http:\/\/ecole.ecj23.org\/wp-content\/uploads\/2016\/05\/violets-300x200.jpg\" alt=\"\" width=\"300\" height=\"200\" srcset=\"https:\/\/ecole.ecj23.org\/wp-content\/uploads\/2016\/05\/violets-300x200.jpg 300w, https:\/\/ecole.ecj23.org\/wp-content\/uploads\/2016\/05\/violets-300x200-75x50.jpg 75w\" sizes=\"auto, (max-width: 300px) 100vw, 300px\" \/><\/a><\/p>\n","protected":false},"excerpt":{"rendered":"<p>Dans la pr\u00e9paration du bicentenaire de la cr\u00e9ation de l\u2019Institut mariste\u00a0 (qui sera c\u00e9l\u00e9br\u00e9 le 2 janvier 2017), cette ann\u00e9e 2015\/16 est appel\u00e9e l\u2019Ann\u00e9e FOURVIERE. Nombreux \u00eates-vous \u00e0 conna\u00eetre la [&hellip;]<\/p>\n","protected":false},"author":5,"featured_media":0,"comment_status":"open","ping_status":"open","sticky":false,"template":"","format":"standard","meta":{"_jetpack_memberships_contains_paid_content":false,"footnotes":""},"categories":[37],"tags":[],"class_list":["post-1496","post","type-post","status-publish","format-standard","hentry","category-le-theme-dannee"],"jetpack_featured_media_url":"","jetpack_sharing_enabled":true,"_links":{"self":[{"href":"https:\/\/ecole.ecj23.org\/index.php\/wp-json\/wp\/v2\/posts\/1496","targetHints":{"allow":["GET"]}}],"collection":[{"href":"https:\/\/ecole.ecj23.org\/index.php\/wp-json\/wp\/v2\/posts"}],"about":[{"href":"https:\/\/ecole.ecj23.org\/index.php\/wp-json\/wp\/v2\/types\/post"}],"author":[{"embeddable":true,"href":"https:\/\/ecole.ecj23.org\/index.php\/wp-json\/wp\/v2\/users\/5"}],"replies":[{"embeddable":true,"href":"https:\/\/ecole.ecj23.org\/index.php\/wp-json\/wp\/v2\/comments?post=1496"}],"version-history":[{"count":7,"href":"https:\/\/ecole.ecj23.org\/index.php\/wp-json\/wp\/v2\/posts\/1496\/revisions"}],"predecessor-version":[{"id":2585,"href":"https:\/\/ecole.ecj23.org\/index.php\/wp-json\/wp\/v2\/posts\/1496\/revisions\/2585"}],"wp:attachment":[{"href":"https:\/\/ecole.ecj23.org\/index.php\/wp-json\/wp\/v2\/media?parent=1496"}],"wp:term":[{"taxonomy":"category","embeddable":true,"href":"https:\/\/ecole.ecj23.org\/index.php\/wp-json\/wp\/v2\/categories?post=1496"},{"taxonomy":"post_tag","embeddable":true,"href":"https:\/\/ecole.ecj23.org\/index.php\/wp-json\/wp\/v2\/tags?post=1496"}],"curies":[{"name":"wp","href":"https:\/\/api.w.org\/{rel}","templated":true}]}}