{"id":2396,"date":"2016-06-15T19:32:19","date_gmt":"2016-06-15T18:32:19","guid":{"rendered":"http:\/\/ecole.ecj23.org\/?p=2396"},"modified":"2016-06-21T20:28:39","modified_gmt":"2016-06-21T19:28:39","slug":"un-engagement-accompagner-leleve","status":"publish","type":"post","link":"https:\/\/ecole.ecj23.org\/index.php\/2016\/06\/15\/un-engagement-accompagner-leleve\/","title":{"rendered":"Un engagement : accompagner l&rsquo;\u00e9l\u00e8ve"},"content":{"rendered":"<p style=\"text-align: justify;\"><a href=\"http:\/\/ecole.ecj23.org\/wp-content\/uploads\/2016\/06\/img_diapo-4_l1200_h458.png\" rel=\"attachment wp-att-2406\"><img loading=\"lazy\" decoding=\"async\" class=\"alignnone size-full wp-image-2406\" src=\"http:\/\/ecole.ecj23.org\/wp-content\/uploads\/2016\/06\/img_diapo-4_l1200_h458.png\" alt=\"\" width=\"1200\" height=\"458\" srcset=\"https:\/\/ecole.ecj23.org\/wp-content\/uploads\/2016\/06\/img_diapo-4_l1200_h458.png 1200w, https:\/\/ecole.ecj23.org\/wp-content\/uploads\/2016\/06\/img_diapo-4_l1200_h458-300x115.png 300w, https:\/\/ecole.ecj23.org\/wp-content\/uploads\/2016\/06\/img_diapo-4_l1200_h458-768x293.png 768w, https:\/\/ecole.ecj23.org\/wp-content\/uploads\/2016\/06\/img_diapo-4_l1200_h458-1024x391.png 1024w\" sizes=\"auto, (max-width: 1200px) 100vw, 1200px\" \/><\/a><\/p>\n<p style=\"text-align: justify;\"><span style=\"color: #3366ff;\"><strong>Notre priorit\u00e9, \u00e0 l\u2019Ecole Jean XXIII, a toujours \u00e9t\u00e9 et restera la qualit\u00e9 de l\u2019accompagnement offert \u00e0 nos \u00e9l\u00e8ves, l\u2019accompagnement de chacun, au plus pr\u00e8s de ses besoins, en collaboration avec les familles.<\/strong><\/span><\/p>\n<p style=\"text-align: justify;\"><span style=\"color: #3366ff;\"><strong>Notre devoir est d\u2019abord d\u2019instaurer un r\u00e9el climat de confiance entre la Communaut\u00e9 Educative et les familles pour guider ensuite les \u00e9l\u00e8ves vers la r\u00e9ussite et permettre leur \u00e9panouissement personnel.<\/strong><\/span><\/p>\n<p style=\"text-align: justify;\"><span style=\"color: #3366ff;\"><strong>A nous, professionnels de l\u2019enseignement, de faire en sorte que chacun puisse d\u00e9couvrir et mettre en valeur les talents qui sont les siens, \u00e0 nous de savoir laisser un enfant s\u2019exprimer pleinement\u00a0!<\/strong><\/span><\/p>\n<p style=\"text-align: justify;\"><span style=\"color: #3366ff;\"><strong>Il arrive cependant qu\u2019au fil de son parcours scolaire, un enfant rencontre la difficult\u00e9.<\/strong><\/span><\/p>\n<p style=\"text-align: justify;\"><span style=\"color: #3366ff;\"><strong>A l\u2019Ecole Jean XXIII, nous pensons que chaque enfant est unique et se doit donc d\u2019\u00eatre consid\u00e9r\u00e9 dans son originalit\u00e9, dans sa diff\u00e9rence. Depuis de longues ann\u00e9es, cette vision de l\u2019enseignement habite nos pratiques p\u00e9dagogiques. L\u2019innovation p\u00e9dagogique, la recherche permanente d\u2019une am\u00e9lioration continue de nos savoir-faire ont toujours \u00e9t\u00e9 tr\u00e8s pr\u00e9sents dans nos conversations quotidiennes, dans notre mani\u00e8re de concevoir l\u2019accompagnement des \u00e9l\u00e8ves.<\/strong><\/span><\/p>\n<p style=\"text-align: justify;\">\n","protected":false},"excerpt":{"rendered":"<p>Notre priorit\u00e9, \u00e0 l\u2019Ecole Jean XXIII, a toujours \u00e9t\u00e9 et restera la qualit\u00e9 de l\u2019accompagnement offert \u00e0 nos \u00e9l\u00e8ves, l\u2019accompagnement de chacun, au plus pr\u00e8s de ses besoins, en collaboration [&hellip;]<\/p>\n","protected":false},"author":5,"featured_media":0,"comment_status":"open","ping_status":"open","sticky":false,"template":"","format":"standard","meta":{"_jetpack_memberships_contains_paid_content":false,"footnotes":""},"categories":[51],"tags":[],"class_list":["post-2396","post","type-post","status-publish","format-standard","hentry","category-accompagner-leleve"],"jetpack_featured_media_url":"","jetpack_sharing_enabled":true,"_links":{"self":[{"href":"https:\/\/ecole.ecj23.org\/index.php\/wp-json\/wp\/v2\/posts\/2396","targetHints":{"allow":["GET"]}}],"collection":[{"href":"https:\/\/ecole.ecj23.org\/index.php\/wp-json\/wp\/v2\/posts"}],"about":[{"href":"https:\/\/ecole.ecj23.org\/index.php\/wp-json\/wp\/v2\/types\/post"}],"author":[{"embeddable":true,"href":"https:\/\/ecole.ecj23.org\/index.php\/wp-json\/wp\/v2\/users\/5"}],"replies":[{"embeddable":true,"href":"https:\/\/ecole.ecj23.org\/index.php\/wp-json\/wp\/v2\/comments?post=2396"}],"version-history":[{"count":3,"href":"https:\/\/ecole.ecj23.org\/index.php\/wp-json\/wp\/v2\/posts\/2396\/revisions"}],"predecessor-version":[{"id":2422,"href":"https:\/\/ecole.ecj23.org\/index.php\/wp-json\/wp\/v2\/posts\/2396\/revisions\/2422"}],"wp:attachment":[{"href":"https:\/\/ecole.ecj23.org\/index.php\/wp-json\/wp\/v2\/media?parent=2396"}],"wp:term":[{"taxonomy":"category","embeddable":true,"href":"https:\/\/ecole.ecj23.org\/index.php\/wp-json\/wp\/v2\/categories?post=2396"},{"taxonomy":"post_tag","embeddable":true,"href":"https:\/\/ecole.ecj23.org\/index.php\/wp-json\/wp\/v2\/tags?post=2396"}],"curies":[{"name":"wp","href":"https:\/\/api.w.org\/{rel}","templated":true}]}}