{"id":2586,"date":"2016-10-31T14:57:19","date_gmt":"2016-10-31T13:57:19","guid":{"rendered":"http:\/\/ecole.ecj23.org\/?p=2586"},"modified":"2016-11-12T13:34:52","modified_gmt":"2016-11-12T12:34:52","slug":"vis-le-reve","status":"publish","type":"post","link":"https:\/\/ecole.ecj23.org\/index.php\/2016\/10\/31\/vis-le-reve\/","title":{"rendered":"Vis le r\u00eave !   2016\/2017 Bicentenaire mariste"},"content":{"rendered":"<p style=\"text-align: justify;\" align=\"JUSTIFY\"><a href=\"http:\/\/ecole.ecj23.org\/wp-content\/uploads\/2016\/10\/Vis-le-r\u00eave-de-la-fraternit\u00e9.jpg\"><img loading=\"lazy\" decoding=\"async\" class=\" wp-image-2590 aligncenter\" src=\"http:\/\/ecole.ecj23.org\/wp-content\/uploads\/2016\/10\/Vis-le-r\u00eave-de-la-fraternit\u00e9.jpg\" alt=\"\" width=\"901\" height=\"370\" srcset=\"https:\/\/ecole.ecj23.org\/wp-content\/uploads\/2016\/10\/Vis-le-r\u00eave-de-la-fraternit\u00e9.jpg 562w, https:\/\/ecole.ecj23.org\/wp-content\/uploads\/2016\/10\/Vis-le-r\u00eave-de-la-fraternit\u00e9-300x123.jpg 300w\" sizes=\"auto, (max-width: 901px) 100vw, 901px\" \/><\/a><\/p>\n<p style=\"text-align: justify;\" align=\"JUSTIFY\"><strong><span style=\"color: #3366ff;\"><span style=\"font-size: medium;\">Ce th\u00e8me mariste nous a \u00e9t\u00e9 donn\u00e9 pour nous accompagner tout au long de cette ann\u00e9e scolaire. Il a \u00e9t\u00e9 d\u00e9ploy\u00e9 ce samedi 17 septembre au cours de notre Messe de Rentr\u00e9e.<br \/>\nDes bulles de diff\u00e9rentes couleurs ont \u00e9t\u00e9 remises \u00e0 chacune de nos classes lors de la journ\u00e9e de lancement de l\u2019ann\u00e9e pastorale\u00a0; chaque classe a not\u00e9 un mot, une phrase, choisi avec les enfants comme guide pour l\u2019ann\u00e9e.<\/span><\/span><\/strong><\/p>\n<h3 style=\"text-align: justify;\" align=\"JUSTIFY\"><span style=\"color: #000000;\"><span style=\"color: #f7436d;\"><span style=\"font-size: large;\"><b>Vis le r\u00eave \u2026 de la fraternit\u00e9\u00a0! <\/b><\/span><\/span><strong><span style=\"font-size: medium; color: #3366ff;\"> avons-nous d\u00e9cid\u00e9 de compl\u00e9ter en alliant le th\u00e8me mariste au th\u00e8me de travail de l\u2019Ecole Catholique dans la dynamique du r\u00e9-enchantement de l\u2019Ecole en vivant la Fraternit\u00e9.<\/span><\/strong><\/span><\/h3>\n<p style=\"text-align: justify;\" align=\"JUSTIFY\"><strong><span style=\"color: #3366ff;\"><span style=\"font-size: medium;\">En nous mettant en route pour cette nouvelle ann\u00e9e, nous avons pris comme figure de proue, M\u00e8re T\u00e9r\u00e9sa, la Sainte nouvellement proclam\u00e9e par le Pape Fran\u00e7ois. Et que nous dit M\u00e8re T\u00e9r\u00e9sa pour nous aider \u00e0 avancer sur la route de notre vie\u00a0?<\/span><\/span><\/strong><\/p>\n<h1><span style=\"color: #000000;\"><span style=\"color: #00b0f0;\"><span style=\"font-size: large;\"><b>\u00a0 \u00a0 \u00a0 \u00a0 \u00a0 \u00a0 \u00a0 \u00a0 \u00a0 \u00a0 \u00a0 \u00a0 \u00a0 \u00a0 <span style=\"color: #f7436d;\">\u00a0\u00ab\u00a0C\u2019est ce qu\u2019il y a dans nos c\u0153urs<\/span><\/b><\/span><\/span><\/span><\/h1>\n<h1><span style=\"color: #f7436d;\"><span style=\"font-size: large;\"><b>\u00a0 \u00a0 \u00a0 \u00a0 \u00a0 \u00a0 \u00a0 \u00a0 \u00a0 \u00a0 \u00a0 \u00a0 \u00a0 \u00a0 \u00a0 \u00a0 \u00a0 \u00a0 \u00a0 \u00a0 \u00a0 \u00a0 \u00a0 \u00a0 \u00a0 \u00a0 \u00a0 \u00a0 \u00a0 \u00a0 \u00a0 qui donne \u00e0 nos vies leur qualit\u00e9\u00a0!\u00a0\u00bb<\/b><\/span><\/span><\/h1>\n<p style=\"text-align: justify;\" align=\"JUSTIFY\"><strong><span style=\"color: #3366ff;\"><span style=\"font-size: medium;\"><span style=\"color: #3366ff;\">Voil\u00e0 de quoi alimenter la source dont jaillira le meilleur de nous-m\u00eames pour cet<\/span>te ann\u00e9e. Et pour bien comprendre que la qualit\u00e9 de notre ann\u00e9e, de notre travail, de nos efforts ne d\u00e9pend pas que de nous, ne trouve sa force non pas en nous-m\u00eame, mais en l\u2019Autre que nous appelons Dieu, que nous appelons J\u00e9sus, que nous appelons l\u2019Esprit Saint, nous avons b\u00e9ni le cartable de tous ces enfants pr\u00e9sents, pr\u00eats \u00e0 s\u2019engager pour vivre leur r\u00eave, pour donner consistance \u00e0 ce r\u00eave de fraternit\u00e9 qui va f\u00e9d\u00e9rer nos classes.<\/span><\/span><\/strong><\/p>\n<p style=\"text-align: center;\"><span style=\"color: #f7436d;\"><span style=\"font-size: large;\"><b>VIS LE R\u00caVE<\/b><\/span><\/span><b style=\"font-size: large; color: #f7436d;\">\u00a0ET ENTRE DANS LE R\u00caVE DE DIEU\u00a0!<\/b><\/p>\n<p style=\"text-align: justify;\" align=\"JUSTIFY\"><strong><span style=\"color: #3366ff;\"><span style=\"font-size: medium;\">Car Dieu aussi a un r\u00eave, pour nous, pour chacun de nous\u00a0!<\/span><\/span><\/strong><\/p>\n<p style=\"text-align: justify;\" align=\"JUSTIFY\"><strong><span style=\"color: #3366ff;\"><span style=\"font-size: medium;\">Et c\u2019\u00e9tait le th\u00e8me de notre Messe de lancement des \u00e9quipes de cat\u00e9ch\u00e8se de CE2\u00a0: <\/span><\/span><\/strong><\/p>\n<p style=\"text-align: justify;\" align=\"JUSTIFY\"><strong><span style=\"color: #3366ff;\"><span style=\"font-size: medium;\">75 enfants qui demandent \u00e0 pr\u00e9parer leur premi\u00e8re Communion et parmi eux 15 enfants demandent aussi \u00e0 se pr\u00e9parer au Bapt\u00eame.<\/span><\/span><\/strong><\/p>\n<p style=\"text-align: justify;\" align=\"JUSTIFY\"><strong><span style=\"color: #3366ff;\"><span style=\"font-size: medium;\">Entrer dans le r\u00eave de Dieu, c\u2019est bien de cela qu\u2019il s\u2019agit quand nous nous mettons \u00e0 pr\u00e9parer les Sacrements, \u00e0 affiner ce r\u00eave de recevoir J\u00e9sus dans le Pain de Vie pour ne plus faire qu\u2019un avec Lui. Le r\u00eave de Dieu c\u2019est faire de chacun de nous son enfant, de vivre avec chacun de nous une \u00e9ternit\u00e9 de d\u00e9lices, une \u00e9ternit\u00e9 de bonheur.<br \/>\nQuelle perspective s\u2019ouvre \u00e0 chacun\u00a0!<\/span><\/span><\/strong><\/p>\n<p style=\"text-align: justify;\" align=\"JUSTIFY\"><strong><span style=\"color: #3366ff;\"><span style=\"font-size: medium;\">Et d\u00e9j\u00e0, nous avons d\u00e9fini huit \u00e9tapes qui nous am\u00e8neront doucement, dans la joie et l\u2019amiti\u00e9 partag\u00e9e, un peu plus pr\u00e8s de J\u00e9sus\u00a0!<\/span><\/span><\/strong><\/p>\n<p style=\"text-align: center;\"><strong><span style=\"color: #3366ff;\"><span style=\"font-size: medium;\"> Genevi\u00e8ve Glanzmann <\/span><\/span><\/strong><\/p>\n<p style=\"text-align: center;\"><strong><span style=\"color: #3366ff;\"><span style=\"font-size: medium;\"> Directrice de l\u2019Ecole Jean XXIII<\/span><\/span><\/strong><\/p>\n<div id=\"grid-gallery-116-3915\" data-gg-id=\"116\" data-title=\"vis le r\u00eave\" data-grid-type=\"0\" data-offset=\"5.3\" data-area-position=\"center\" data-icons=\"\" data-preloader=\"\" data-width=\"215\" data-height=\"215\" data-padding=\"\" data-quicksand=\"disabled\" data-quicksand-duration=\"none\" data-popup-theme=\"theme_6\" data-popup-type=\"pretty-photo\" data-popup-image-text=\"title\" data-popup-widthsize=\"auto\" data-popup-heightsize=\"auto\" data-popup-i18n-words=\"{&quot;close&quot;:&quot;fermer&quot;,&quot;next&quot;:&quot;suivant&quot;,&quot;previous&quot;:&quot;pr\\u00e9c\\u00e9dent&quot;,&quot;start_slideshow&quot;:&quot;d\\u00e9marrer le diaporama&quot;,&quot;stop_slideshow&quot;:&quot;arr\\u00e9ter le diaporama&quot;,&quot;image&quot;:&quot;image&quot;,&quot;of&quot;:&quot;de&quot;,&quot;prev&quot;:&quot;pr\\u00e9c.&quot;,&quot;cExpand&quot;:&quot;Agrandir&quot;,&quot;cPrevious&quot;:&quot;Pr\\u00e9c\\u00e9dent&quot;,&quot;cNext&quot;:&quot;Suivant&quot;,&quot;cExpandStr&quot;:&quot;Agrandir l&#039;image&quot;,&quot;cRotate&quot;:&quot;Pivoter&quot;,&quot;cDetails&quot;:&quot;Details&quot;}\" data-popup-slideshow=\"false\" data-popup-slideshow-speed=\"2500\" data-popup-hoverstop=\"true\" data-popup-slideshow-auto=\"false\" data-popup-background=\"\" data-popup-transparency=\"30\" data-popup-disable-history=\"\" data-popup-disable-changed-url=\"\" data-popup-border-type=\"\" data-popup-border-color=\"\" data-popup-border-width=\"\" data-popup-border-enable=\"\" data-fullscreen=\"false\" data-hide-tooltip=\"\" data-caption-font-family=\"\" data-caption-text-size=\"140\" data-is-mobile=\"0\" data-caption-mobile=\"false\" data-hide-long-tltp-title=\"0\" data-caption-disabled-on-mobile=\"false\" data-popup-placement-type=\"0\" data-social-sharing=\"{&quot;enabled&quot;:null,&quot;gallerySharing&quot;:{&quot;enabled&quot;:null,&quot;position&quot;:null},&quot;imageSharing&quot;:{&quot;enabled&quot;:null,&quot;wrapperClass&quot;:&quot; vertical &quot;},&quot;popupSharing&quot;:{&quot;enabled&quot;:null,&quot;wrapperClass&quot;:&quot; vertical &quot;}}\" class=\"grid-gallery grid-gallery-fixed \" style=\" width:100%; height:auto; margin-left:auto; margin-right:auto;position:relative;\"> <div class=\"gallery-loading\"> <div class=\"blocks\"> <div class=\"block\"><\/div> <div class=\"block\"><\/div> <div class=\"block\"><\/div> <div class=\"block\"><\/div> <\/div> <\/div> <div class=\"gallery-sharing-top\" style=\"display:none;\"> <\/div> <div id=\"photos-116\" class=\"grid-gallery-photos\"><FIGURE class=\"grid-gallery-caption\" data-grid-gallery-type=\"quarter-slide-up\" data-index=\"0\" style=\"display:none;border-radius:00;; margin:5.3px; width:2150;\" ><div class=\"crop\" style=\" width:2150; height:2150; overflow:hidden;\"><img decoding=\"async\" src=\"http:\/\/ecole.ecj23.org\/wp-content\/uploads\/2016\/10\/Affiche-mariste-Vis-le-R\u00eave-215x215.jpg\" class=\"ggImg\" alt=\"\" title=\"\" data-description=\"\" data-caption=\"\" data-title=\"\" style=\" width:215px; height:215px;\" \/><\/div><FIGCAPTION class=\"\" data-alpha=\"5\" style=\"color:#ffffff; background-color:#6f0000; font-size:140; text-align:2; font-family:;\" ><div class=\"grid-gallery-figcaption-wrap\" style=\"\"><\/div><\/FIGCAPTION><\/FIGURE><FIGURE class=\"grid-gallery-caption\" data-grid-gallery-type=\"quarter-slide-up\" data-index=\"1\" style=\"display:none;border-radius:00;; margin:5.3px; width:2150;\" ><div class=\"crop\" style=\" width:2150; height:2150; overflow:hidden;\"><img decoding=\"async\" src=\"http:\/\/ecole.ecj23.org\/wp-content\/uploads\/2016\/11\/20161031_155924_1478944771587-215x215.jpg\" class=\"ggImg\" alt=\"\" title=\"\" data-description=\"\" data-caption=\"Blabla\" data-title=\"\" style=\" width:215px; height:215px;\" \/><\/div><FIGCAPTION class=\"\" data-alpha=\"5\" style=\"color:#ffffff; background-color:#6f0000; font-size:140; text-align:2; font-family:;\" ><div class=\"grid-gallery-figcaption-wrap\" style=\"\"><\/div><\/FIGCAPTION><\/FIGURE> <div class=\"grid-gallery-clearfix\"><\/div> <\/div> <div class=\"gallery-sharing-bottom\" style=\"display:none;\"> <\/div> <div class=\"gallery-sharing-image\" style=\"display:none;\"> <\/div> <div class=\"gallery-sharing-popup\" style=\"display:none;\"> <\/div> <div class=\"grid-gallery-clearfix\"><\/div> <\/div> <!-- Gallery by Supsystic plugin1.16.0 --><a title=\"Gallery Plugin\" style=\"display:none;\" href=\"https:\/\/supsystic.com\/plugins\/photo-gallery\/?utm_medium=love_link\" target=\"_blank\">Gallery Plugin<\/a>\n","protected":false},"excerpt":{"rendered":"<p>Ce th\u00e8me mariste nous a \u00e9t\u00e9 donn\u00e9 pour nous accompagner tout au long de cette ann\u00e9e scolaire. Il a \u00e9t\u00e9 d\u00e9ploy\u00e9 ce samedi 17 septembre au cours de notre Messe [&hellip;]<\/p>\n","protected":false},"author":5,"featured_media":0,"comment_status":"open","ping_status":"open","sticky":false,"template":"","format":"standard","meta":{"_jetpack_memberships_contains_paid_content":false,"footnotes":""},"categories":[37],"tags":[],"class_list":["post-2586","post","type-post","status-publish","format-standard","hentry","category-le-theme-dannee"],"jetpack_featured_media_url":"","jetpack_sharing_enabled":true,"_links":{"self":[{"href":"https:\/\/ecole.ecj23.org\/index.php\/wp-json\/wp\/v2\/posts\/2586","targetHints":{"allow":["GET"]}}],"collection":[{"href":"https:\/\/ecole.ecj23.org\/index.php\/wp-json\/wp\/v2\/posts"}],"about":[{"href":"https:\/\/ecole.ecj23.org\/index.php\/wp-json\/wp\/v2\/types\/post"}],"author":[{"embeddable":true,"href":"https:\/\/ecole.ecj23.org\/index.php\/wp-json\/wp\/v2\/users\/5"}],"replies":[{"embeddable":true,"href":"https:\/\/ecole.ecj23.org\/index.php\/wp-json\/wp\/v2\/comments?post=2586"}],"version-history":[{"count":13,"href":"https:\/\/ecole.ecj23.org\/index.php\/wp-json\/wp\/v2\/posts\/2586\/revisions"}],"predecessor-version":[{"id":2727,"href":"https:\/\/ecole.ecj23.org\/index.php\/wp-json\/wp\/v2\/posts\/2586\/revisions\/2727"}],"wp:attachment":[{"href":"https:\/\/ecole.ecj23.org\/index.php\/wp-json\/wp\/v2\/media?parent=2586"}],"wp:term":[{"taxonomy":"category","embeddable":true,"href":"https:\/\/ecole.ecj23.org\/index.php\/wp-json\/wp\/v2\/categories?post=2586"},{"taxonomy":"post_tag","embeddable":true,"href":"https:\/\/ecole.ecj23.org\/index.php\/wp-json\/wp\/v2\/tags?post=2586"}],"curies":[{"name":"wp","href":"https:\/\/api.w.org\/{rel}","templated":true}]}}