{"id":2594,"date":"2016-10-31T17:09:46","date_gmt":"2016-10-31T16:09:46","guid":{"rendered":"http:\/\/ecole.ecj23.org\/?p=2594"},"modified":"2016-10-31T17:09:46","modified_gmt":"2016-10-31T16:09:46","slug":"a-la-rencontre-des-eleves-dissenheim","status":"publish","type":"post","link":"https:\/\/ecole.ecj23.org\/index.php\/2016\/10\/31\/a-la-rencontre-des-eleves-dissenheim\/","title":{"rendered":"A la rencontre des \u00e9l\u00e8ves d\u2019Issenheim\u2026"},"content":{"rendered":"<p><a href=\"http:\/\/ecole.ecj23.org\/wp-content\/uploads\/2016\/10\/Notre-Dame-Thierenbach-La-basilique-.jpg\"><img loading=\"lazy\" decoding=\"async\" class=\" wp-image-2588 aligncenter\" src=\"http:\/\/ecole.ecj23.org\/wp-content\/uploads\/2016\/10\/Notre-Dame-Thierenbach-La-basilique-.jpg\" alt=\"\" width=\"835\" height=\"626\" srcset=\"https:\/\/ecole.ecj23.org\/wp-content\/uploads\/2016\/10\/Notre-Dame-Thierenbach-La-basilique-.jpg 600w, https:\/\/ecole.ecj23.org\/wp-content\/uploads\/2016\/10\/Notre-Dame-Thierenbach-La-basilique--300x225.jpg 300w\" sizes=\"auto, (max-width: 835px) 100vw, 835px\" \/><\/a><\/p>\n<p>&nbsp;<\/p>\n<p>&nbsp;<\/p>\n<p align=\"JUSTIFY\"><span style=\"color: #fa0aca;\"><span style=\"font-size: large;\"><b>Le mercredi 28 septembre, 55 \u00e9l\u00e8ves de CM2 sont partis avec leurs ma\u00eetresses \u00e0 la rencontre des \u00e9l\u00e8ves de l\u2019Ecole Champagnat d\u2019Issenheim.<\/b><\/span><\/span><\/p>\n<p style=\"text-align: justify;\" align=\"JUSTIFY\"><strong><span style=\"font-size: medium; color: #3366ff;\">Cette ann\u00e9e, nous avons d\u00e9cid\u00e9 de jeter des passerelles entre nos deux \u00e9tablissements maristes\u00a0: aussit\u00f4t dit, aussit\u00f4t fait\u00a0!<\/span><\/strong><\/p>\n<p style=\"text-align: justify;\" align=\"JUSTIFY\"><strong><span style=\"font-size: medium; color: #3366ff;\">En collaboration avec Dominique et Sophie d\u2019Issenheim, nous avons propos\u00e9 \u00e0 nos \u00e9l\u00e8ves des classes de 7\u00e8me une journ\u00e9e de rencontre, d\u2019amiti\u00e9 et de sport autour du P\u00e8lerinage de Thierenbach, un lieu marial tr\u00e8s important en Alsace.<\/span><\/strong><!--more--><\/p>\n<p style=\"text-align: justify;\" align=\"JUSTIFY\"><strong><span style=\"font-size: medium; color: #3366ff;\">A notre arriv\u00e9e \u00e0 Issenheim, Dominique nous a accueillis autour de la statue de Marcellin et nous a donn\u00e9 un beau t\u00e9moignage de l\u2019esprit de famille et de simplicit\u00e9 qui nous r\u00e9unit dans la famille mariste. <\/span><\/strong><\/p>\n<p style=\"text-align: justify;\" align=\"JUSTIFY\"><strong><span style=\"font-size: medium; color: #3366ff;\">Une belle marche sous un soleil automnal de toute beaut\u00e9 nous a conduits d\u2019Issenheim, par les pr\u00e9s et les champs, le long de la rivi\u00e8re, jusque dans le vallon de Thierenbach\u00a0: 10 Kms\u00a0!<\/span><\/strong><\/p>\n<p style=\"text-align: justify;\" align=\"JUSTIFY\"><strong><span style=\"font-size: medium; color: #3366ff;\">Premi\u00e8re rencontre insolite\u00a0: en plein champs, le Fr\u00e8re Jacques, Fr\u00e8re mariste de la Communaut\u00e9 d\u2019Issenheim qui se promenait par l\u00e0\u2026 il nous a donn\u00e9 lui aussi un beau t\u00e9moignage de simplicit\u00e9 et de proximit\u00e9\u00a0!<\/span><\/strong><\/p>\n<p style=\"text-align: justify;\" align=\"JUSTIFY\"><strong><span style=\"font-size: medium; color: #3366ff;\">Apr\u00e8s un pique-nique bien m\u00e9rit\u00e9, autour de la Basilique, nous avons organis\u00e9 trois groupes pour partir \u00e0 la d\u00e9couverte\u00a0:<\/span><\/strong><\/p>\n<ul style=\"text-align: justify;\">\n<li>\n<p align=\"JUSTIFY\"><strong><span style=\"font-size: medium; color: #3366ff;\">de l\u2019histoire de ce lieu et du p\u00e8lerinage en visitant la Basilique<\/span><\/strong><\/p>\n<\/li>\n<li>\n<p align=\"JUSTIFY\"><strong><span style=\"font-size: medium; color: #3366ff;\">de l\u2019environnement de la Basilique qui draine les foules tout au long de l\u2019ann\u00e9e<\/span><\/strong><\/p>\n<\/li>\n<li>\n<p align=\"JUSTIFY\"><strong><span style=\"font-size: medium; color: #3366ff;\">du parcours VITA dans la for\u00eat avoisinante<\/span><\/strong><\/p>\n<\/li>\n<\/ul>\n<p style=\"text-align: justify;\" align=\"JUSTIFY\"><strong><span style=\"font-size: medium; color: #3366ff;\">Avant de reprendre les cars pour rentrer dans nos \u00e9coles respectives, nous nous sommes r\u00e9unis autour de la statue miraculeuse de Marie pour un temps de pri\u00e8re, de d\u00e9couverte de la pri\u00e8re du chapelet. Et nous sommes repartis, le c\u0153ur en f\u00eate au d\u00e9but de ce mois d\u2019octobre, mois du Rosaire, s\u00fbrs que Marie nous accompagne sur nos chemins de vie\u00a0!<\/span><\/strong><\/p>\n<p style=\"text-align: center;\" align=\"JUSTIFY\"><strong><span style=\"font-size: medium; color: #3366ff;\"> Genevi\u00e8ve GLANZMANN<\/span><\/strong><\/p>\n","protected":false},"excerpt":{"rendered":"<p>&nbsp; &nbsp; Le mercredi 28 septembre, 55 \u00e9l\u00e8ves de CM2 sont partis avec leurs ma\u00eetresses \u00e0 la rencontre des \u00e9l\u00e8ves de l\u2019Ecole Champagnat d\u2019Issenheim. Cette ann\u00e9e, nous avons d\u00e9cid\u00e9 de [&hellip;]<\/p>\n","protected":false},"author":5,"featured_media":0,"comment_status":"open","ping_status":"open","sticky":false,"template":"","format":"standard","meta":{"_jetpack_memberships_contains_paid_content":false,"footnotes":""},"categories":[44],"tags":[],"class_list":["post-2594","post","type-post","status-publish","format-standard","hentry","category-les-actions"],"jetpack_featured_media_url":"","jetpack_sharing_enabled":true,"_links":{"self":[{"href":"https:\/\/ecole.ecj23.org\/index.php\/wp-json\/wp\/v2\/posts\/2594","targetHints":{"allow":["GET"]}}],"collection":[{"href":"https:\/\/ecole.ecj23.org\/index.php\/wp-json\/wp\/v2\/posts"}],"about":[{"href":"https:\/\/ecole.ecj23.org\/index.php\/wp-json\/wp\/v2\/types\/post"}],"author":[{"embeddable":true,"href":"https:\/\/ecole.ecj23.org\/index.php\/wp-json\/wp\/v2\/users\/5"}],"replies":[{"embeddable":true,"href":"https:\/\/ecole.ecj23.org\/index.php\/wp-json\/wp\/v2\/comments?post=2594"}],"version-history":[{"count":3,"href":"https:\/\/ecole.ecj23.org\/index.php\/wp-json\/wp\/v2\/posts\/2594\/revisions"}],"predecessor-version":[{"id":2651,"href":"https:\/\/ecole.ecj23.org\/index.php\/wp-json\/wp\/v2\/posts\/2594\/revisions\/2651"}],"wp:attachment":[{"href":"https:\/\/ecole.ecj23.org\/index.php\/wp-json\/wp\/v2\/media?parent=2594"}],"wp:term":[{"taxonomy":"category","embeddable":true,"href":"https:\/\/ecole.ecj23.org\/index.php\/wp-json\/wp\/v2\/categories?post=2594"},{"taxonomy":"post_tag","embeddable":true,"href":"https:\/\/ecole.ecj23.org\/index.php\/wp-json\/wp\/v2\/tags?post=2594"}],"curies":[{"name":"wp","href":"https:\/\/api.w.org\/{rel}","templated":true}]}}