{"id":2735,"date":"2018-10-30T05:50:43","date_gmt":"2018-10-30T04:50:43","guid":{"rendered":"http:\/\/ecole.ecj23.org\/?p=2735"},"modified":"2018-10-30T08:42:48","modified_gmt":"2018-10-30T07:42:48","slug":"les-ateliers-du-temps-de-vie-scolaire","status":"publish","type":"post","link":"https:\/\/ecole.ecj23.org\/index.php\/2018\/10\/30\/les-ateliers-du-temps-de-vie-scolaire\/","title":{"rendered":"Les ateliers p\u00e9ri scolaires"},"content":{"rendered":"<p style=\"text-align: center;\"><a href=\"http:\/\/ecole.ecj23.org\/wp-content\/uploads\/2018\/10\/Image-atelier-site.jpg\"><img loading=\"lazy\" decoding=\"async\" class=\"alignnone wp-image-5715\" src=\"http:\/\/ecole.ecj23.org\/wp-content\/uploads\/2018\/10\/Image-atelier-site.jpg\" alt=\"\" width=\"1028\" height=\"563\" srcset=\"https:\/\/ecole.ecj23.org\/wp-content\/uploads\/2018\/10\/Image-atelier-site.jpg 924w, https:\/\/ecole.ecj23.org\/wp-content\/uploads\/2018\/10\/Image-atelier-site-300x164.jpg 300w, https:\/\/ecole.ecj23.org\/wp-content\/uploads\/2018\/10\/Image-atelier-site-768x421.jpg 768w\" sizes=\"auto, (max-width: 1028px) 100vw, 1028px\" \/><\/a><\/p>\n<p style=\"text-align: center;\"><strong><span style=\"color: #3366ff;\">Chaque jour, des ateliers sont propos\u00e9s aux \u00e9l\u00e8ves sur le temps de midi et le temps du soir.<\/span><\/strong><\/p>\n<p style=\"text-align: center;\"><strong><span style=\"color: #3366ff;\">Ces ateliers sont r\u00e9serv\u00e9s aux \u00e9l\u00e8ves demi-pensionnaires et aux \u00e9l\u00e8ves inscrits en \u00e9tude.<\/span><\/strong><\/p>\n<p style=\"text-align: center;\"><strong><span style=\"color: #3366ff;\"><a style=\"color: #3366ff;\" href=\"http:\/\/ecole.ecj23.org\/wp-content\/uploads\/2018\/10\/Planning-Ateliers-2018-2019.pdf\">Pour consulter notre grille de propositions, cliquez ici<\/a>.<\/span><\/strong><\/p>\n<p style=\"text-align: center;\"><strong><span style=\"color: #3366ff;\">Si vous\u00a0\u00eates int\u00e9ress\u00e9s ,n &lsquo;h\u00e9sitez pas \u00e0 contacter la Vie Scolaire qui r\u00e9pondra \u00e0 vos questions :<\/span><\/strong><\/p>\n<p style=\"text-align: center;\"><strong><span style=\"color: #3366ff;\">ijoly@ecj23.org<\/span><\/strong><\/p>\n","protected":false},"excerpt":{"rendered":"<p>Chaque jour, des ateliers sont propos\u00e9s aux \u00e9l\u00e8ves sur le temps de midi et le temps du soir. Ces ateliers sont r\u00e9serv\u00e9s aux \u00e9l\u00e8ves demi-pensionnaires et aux \u00e9l\u00e8ves inscrits en [&hellip;]<\/p>\n","protected":false},"author":5,"featured_media":0,"comment_status":"open","ping_status":"open","sticky":false,"template":"","format":"standard","meta":{"_jetpack_memberships_contains_paid_content":false,"footnotes":""},"categories":[48],"tags":[],"class_list":["post-2735","post","type-post","status-publish","format-standard","hentry","category-vie-scolaire"],"jetpack_featured_media_url":"","jetpack_sharing_enabled":true,"_links":{"self":[{"href":"https:\/\/ecole.ecj23.org\/index.php\/wp-json\/wp\/v2\/posts\/2735","targetHints":{"allow":["GET"]}}],"collection":[{"href":"https:\/\/ecole.ecj23.org\/index.php\/wp-json\/wp\/v2\/posts"}],"about":[{"href":"https:\/\/ecole.ecj23.org\/index.php\/wp-json\/wp\/v2\/types\/post"}],"author":[{"embeddable":true,"href":"https:\/\/ecole.ecj23.org\/index.php\/wp-json\/wp\/v2\/users\/5"}],"replies":[{"embeddable":true,"href":"https:\/\/ecole.ecj23.org\/index.php\/wp-json\/wp\/v2\/comments?post=2735"}],"version-history":[{"count":5,"href":"https:\/\/ecole.ecj23.org\/index.php\/wp-json\/wp\/v2\/posts\/2735\/revisions"}],"predecessor-version":[{"id":5716,"href":"https:\/\/ecole.ecj23.org\/index.php\/wp-json\/wp\/v2\/posts\/2735\/revisions\/5716"}],"wp:attachment":[{"href":"https:\/\/ecole.ecj23.org\/index.php\/wp-json\/wp\/v2\/media?parent=2735"}],"wp:term":[{"taxonomy":"category","embeddable":true,"href":"https:\/\/ecole.ecj23.org\/index.php\/wp-json\/wp\/v2\/categories?post=2735"},{"taxonomy":"post_tag","embeddable":true,"href":"https:\/\/ecole.ecj23.org\/index.php\/wp-json\/wp\/v2\/tags?post=2735"}],"curies":[{"name":"wp","href":"https:\/\/api.w.org\/{rel}","templated":true}]}}