{"id":2865,"date":"2016-12-29T10:58:09","date_gmt":"2016-12-29T09:58:09","guid":{"rendered":"http:\/\/ecole.ecj23.org\/?p=2865"},"modified":"2016-12-29T11:02:24","modified_gmt":"2016-12-29T10:02:24","slug":"8c-droits-des-enfants","status":"publish","type":"post","link":"https:\/\/ecole.ecj23.org\/index.php\/2016\/12\/29\/8c-droits-des-enfants\/","title":{"rendered":"8C: Droits des enfants"},"content":{"rendered":"<p><span style=\"color: #3366ff;\"><strong><span style=\"font-family: 'Trebuchet MS', sans-serif;\">Lundi 21 novembre \u00e0 10h, nous nous sommes tous retrouv\u00e9s dans la cour de r\u00e9cr\u00e9ation pour chanter ensemble \u00e0 l\u2019occasion de la journ\u00e9e internationale des Droits des Enfants. <\/span><\/strong><\/span><\/p>\n<p><span style=\"color: #3366ff;\"><strong><span style=\"font-family: 'Trebuchet MS', sans-serif;\">La directrice nous a accueilli par un petit mot avec de jolis ballons repr\u00e9sentant un globe, puis nous avons chant\u00e9 \u00ab\u00a0C\u2019est \u00e9crit, c\u2019est \u00e9crit\u00a0!\u00a0\u00bb des Enfantastiques et \u00ab\u00a0On \u00e9crit sur les murs\u00a0!\u00a0\u00bb des Kids United. Ensuite nous sommes retourn\u00e9s en classe et des \u00e9l\u00e8ves de 7<\/span><sup><span style=\"font-family: 'Trebuchet MS', sans-serif;\">\u00e8me<\/span><\/sup><span style=\"font-family: 'Trebuchet MS', sans-serif;\"> A, sont venus nous pr\u00e9senter une affiche qu\u2019ils ont r\u00e9alis\u00e9e l\u2019ann\u00e9e derni\u00e8re pour participer \u00e0 un concours sur les droits des enfants. Par cette affiche, ils voulaient montrer que quelque soit notre couleur de peau, tous les enfants ont une place sur notre plan\u00e8te. <\/span><\/strong><\/span><\/p>\n<p><span style=\"color: #3366ff;\"><strong><span style=\"font-family: 'Trebuchet MS', sans-serif;\">Bravo et merci \u00e0 eux\u00a0!<\/span><\/strong><\/span><br \/>\n<div id=\"grid-gallery-127-6209\" data-gg-id=\"127\" data-title=\"droits des enfants\" data-grid-type=\"0\" data-offset=\"5.3\" data-area-position=\"center\" data-icons=\"\" data-preloader=\"true\" data-width=\"215\" data-height=\"215\" data-padding=\"0\" data-quicksand=\"disabled\" data-quicksand-duration=\"none\" data-popup-theme=\"theme_6\" data-popup-type=\"pretty-photo\" data-popup-image-text=\"title\" data-popup-widthsize=\"auto\" data-popup-heightsize=\"auto\" data-popup-i18n-words=\"{&quot;close&quot;:&quot;fermer&quot;,&quot;next&quot;:&quot;suivant&quot;,&quot;previous&quot;:&quot;pr\\u00e9c\\u00e9dent&quot;,&quot;start_slideshow&quot;:&quot;d\\u00e9marrer le diaporama&quot;,&quot;stop_slideshow&quot;:&quot;arr\\u00e9ter le diaporama&quot;,&quot;image&quot;:&quot;image&quot;,&quot;of&quot;:&quot;de&quot;,&quot;prev&quot;:&quot;pr\\u00e9c.&quot;,&quot;cExpand&quot;:&quot;Agrandir&quot;,&quot;cPrevious&quot;:&quot;Pr\\u00e9c\\u00e9dent&quot;,&quot;cNext&quot;:&quot;Suivant&quot;,&quot;cExpandStr&quot;:&quot;Agrandir l&#039;image&quot;,&quot;cRotate&quot;:&quot;Pivoter&quot;,&quot;cDetails&quot;:&quot;Details&quot;}\" data-popup-slideshow=\"false\" data-popup-slideshow-speed=\"2500\" data-popup-hoverstop=\"false\" data-popup-slideshow-auto=\"false\" data-popup-background=\"\" data-popup-transparency=\"30\" data-popup-disable-history=\"\" data-popup-disable-changed-url=\"\" data-popup-border-type=\"\" data-popup-border-color=\"\" data-popup-border-width=\"\" data-popup-border-enable=\"\" data-fullscreen=\"false\" data-hide-tooltip=\"false\" data-caption-font-family=\"Default\" data-caption-text-size=\"140\" data-is-mobile=\"0\" data-caption-mobile=\"false\" data-hide-long-tltp-title=\"0\" data-caption-disabled-on-mobile=\"false\" data-horizontal-scroll=\"{&quot;enabled&quot;:&quot;true&quot;,&quot;color&quot;:&quot;#e224e2&quot;,&quot;transparency&quot;:&quot;60&quot;}\" data-popup-placement-type=\"0\" data-social-sharing=\"{&quot;enabled&quot;:&quot;&quot;,&quot;gallerySharing&quot;:{&quot;enabled&quot;:null,&quot;position&quot;:null},&quot;imageSharing&quot;:{&quot;enabled&quot;:null,&quot;wrapperClass&quot;:&quot; vertical &quot;},&quot;popupSharing&quot;:{&quot;enabled&quot;:null,&quot;wrapperClass&quot;:&quot; vertical &quot;}}\" class=\"grid-gallery grid-gallery-fixed \" style=\" width:100%; height:auto; margin-left:auto; margin-right:auto;position:relative;\"> <div class=\"gallery-loading\"> <div class=\"blocks\"> <div class=\"block\"><\/div> <div class=\"block\"><\/div> <div class=\"block\"><\/div> <div class=\"block\"><\/div> <\/div> <\/div> <div class=\"gallery-sharing-top\" style=\"display:none;\"> <\/div> <div id=\"photos-127\" class=\"grid-gallery-photos\"><FIGURE class=\"grid-gallery-caption\" data-grid-gallery-type=\"quarter-slide-up\" data-index=\"0\" style=\"display:none;border-radius:00;; margin:5.3px; width:2150;\" ><div class=\"crop\" style=\" width:2150; height:2150; overflow:hidden;\"><img decoding=\"async\" src=\"http:\/\/ecole.ecj23.org\/wp-content\/uploads\/2016\/12\/20161121_101543-215x215.jpg\" class=\"ggImg\" alt=\"\" title=\"\" data-description=\"\" data-caption=\"\" data-title=\"\" style=\" width:215px; height:215px;\" \/><\/div><FIGCAPTION class=\"\" data-alpha=\"5\" style=\"color:#ffffff; background-color:#6f0000; font-size:140; text-align:left; font-family:Default;\" ><div class=\"grid-gallery-figcaption-wrap\" style=\"\"><\/div><\/FIGCAPTION><\/FIGURE><FIGURE class=\"grid-gallery-caption\" data-grid-gallery-type=\"quarter-slide-up\" data-index=\"1\" style=\"display:none;border-radius:00;; margin:5.3px; width:2150;\" ><div class=\"crop\" style=\" width:2150; height:2150; overflow:hidden;\"><img decoding=\"async\" src=\"http:\/\/ecole.ecj23.org\/wp-content\/uploads\/2016\/12\/20161121_101613-215x215.jpg\" class=\"ggImg\" alt=\"\" title=\"\" data-description=\"\" data-caption=\"\" data-title=\"\" style=\" width:215px; height:215px;\" \/><\/div><FIGCAPTION class=\"\" data-alpha=\"5\" style=\"color:#ffffff; background-color:#6f0000; font-size:140; text-align:left; font-family:Default;\" ><div class=\"grid-gallery-figcaption-wrap\" style=\"\"><\/div><\/FIGCAPTION><\/FIGURE><FIGURE class=\"grid-gallery-caption\" data-grid-gallery-type=\"quarter-slide-up\" data-index=\"2\" style=\"display:none;border-radius:00;; margin:5.3px; width:2150;\" ><div class=\"crop\" style=\" width:2150; height:2150; overflow:hidden;\"><img decoding=\"async\" src=\"http:\/\/ecole.ecj23.org\/wp-content\/uploads\/2016\/12\/20161121_103839-215x215.jpg\" class=\"ggImg\" alt=\"\" title=\"\" data-description=\"\" data-caption=\"\" data-title=\"\" style=\" width:215px; height:215px;\" \/><\/div><FIGCAPTION class=\"\" data-alpha=\"5\" style=\"color:#ffffff; background-color:#6f0000; font-size:140; text-align:left; font-family:Default;\" ><div class=\"grid-gallery-figcaption-wrap\" style=\"\"><\/div><\/FIGCAPTION><\/FIGURE><FIGURE class=\"grid-gallery-caption\" data-grid-gallery-type=\"quarter-slide-up\" data-index=\"3\" style=\"display:none;border-radius:00;; margin:5.3px; width:2150;\" ><div class=\"crop\" style=\" width:2150; height:2150; overflow:hidden;\"><img decoding=\"async\" src=\"http:\/\/ecole.ecj23.org\/wp-content\/uploads\/2016\/12\/20161121_103849-215x215.jpg\" class=\"ggImg\" alt=\"\" title=\"\" data-description=\"\" data-caption=\"\" data-title=\"\" style=\" width:215px; height:215px;\" \/><\/div><FIGCAPTION class=\"\" data-alpha=\"5\" style=\"color:#ffffff; background-color:#6f0000; font-size:140; text-align:left; font-family:Default;\" ><div class=\"grid-gallery-figcaption-wrap\" style=\"\"><\/div><\/FIGCAPTION><\/FIGURE> <div class=\"grid-gallery-clearfix\"><\/div> <\/div> <div class=\"gallery-sharing-bottom\" style=\"display:none;\"> <\/div> <div class=\"gallery-sharing-image\" style=\"display:none;\"> <\/div> <div class=\"gallery-sharing-popup\" style=\"display:none;\"> <\/div> <div class=\"grid-gallery-clearfix\"><\/div> <\/div> <!-- Gallery by Supsystic plugin1.16.0 --><a title=\"Gallery Plugin\" style=\"display:none;\" href=\"https:\/\/supsystic.com\/plugins\/photo-gallery\/?utm_medium=love_link\" target=\"_blank\">Gallery Plugin<\/a><\/p>\n","protected":false},"excerpt":{"rendered":"<p>Lundi 21 novembre \u00e0 10h, nous nous sommes tous retrouv\u00e9s dans la cour de r\u00e9cr\u00e9ation pour chanter ensemble \u00e0 l\u2019occasion de la journ\u00e9e internationale des Droits des Enfants. La directrice [&hellip;]<\/p>\n","protected":false},"author":5,"featured_media":0,"comment_status":"open","ping_status":"open","sticky":false,"template":"","format":"standard","meta":{"_jetpack_memberships_contains_paid_content":false,"footnotes":""},"categories":[10],"tags":[],"class_list":["post-2865","post","type-post","status-publish","format-standard","hentry","category-huitiemes"],"jetpack_featured_media_url":"","jetpack_sharing_enabled":true,"_links":{"self":[{"href":"https:\/\/ecole.ecj23.org\/index.php\/wp-json\/wp\/v2\/posts\/2865","targetHints":{"allow":["GET"]}}],"collection":[{"href":"https:\/\/ecole.ecj23.org\/index.php\/wp-json\/wp\/v2\/posts"}],"about":[{"href":"https:\/\/ecole.ecj23.org\/index.php\/wp-json\/wp\/v2\/types\/post"}],"author":[{"embeddable":true,"href":"https:\/\/ecole.ecj23.org\/index.php\/wp-json\/wp\/v2\/users\/5"}],"replies":[{"embeddable":true,"href":"https:\/\/ecole.ecj23.org\/index.php\/wp-json\/wp\/v2\/comments?post=2865"}],"version-history":[{"count":2,"href":"https:\/\/ecole.ecj23.org\/index.php\/wp-json\/wp\/v2\/posts\/2865\/revisions"}],"predecessor-version":[{"id":2871,"href":"https:\/\/ecole.ecj23.org\/index.php\/wp-json\/wp\/v2\/posts\/2865\/revisions\/2871"}],"wp:attachment":[{"href":"https:\/\/ecole.ecj23.org\/index.php\/wp-json\/wp\/v2\/media?parent=2865"}],"wp:term":[{"taxonomy":"category","embeddable":true,"href":"https:\/\/ecole.ecj23.org\/index.php\/wp-json\/wp\/v2\/categories?post=2865"},{"taxonomy":"post_tag","embeddable":true,"href":"https:\/\/ecole.ecj23.org\/index.php\/wp-json\/wp\/v2\/tags?post=2865"}],"curies":[{"name":"wp","href":"https:\/\/api.w.org\/{rel}","templated":true}]}}