{"id":4150,"date":"2017-08-08T16:38:37","date_gmt":"2017-08-08T15:38:37","guid":{"rendered":"http:\/\/ecole.ecj23.org\/?p=4150"},"modified":"2017-08-09T07:26:27","modified_gmt":"2017-08-09T06:26:27","slug":"rentree-des-classes-cest-parti","status":"publish","type":"post","link":"https:\/\/ecole.ecj23.org\/index.php\/2017\/08\/08\/rentree-des-classes-cest-parti\/","title":{"rendered":"Rentr\u00e9e des classes: c&rsquo;est parti !"},"content":{"rendered":"<h2><span style=\"color: #3366ff;\"><strong><a href=\"http:\/\/ecole.ecj23.org\/wp-content\/uploads\/2017\/08\/rentr\u00e9e-1.jpg\"><img loading=\"lazy\" decoding=\"async\" class=\" wp-image-4155 aligncenter\" src=\"http:\/\/ecole.ecj23.org\/wp-content\/uploads\/2017\/08\/rentr\u00e9e-1.jpg\" alt=\"\" width=\"792\" height=\"298\" srcset=\"https:\/\/ecole.ecj23.org\/wp-content\/uploads\/2017\/08\/rentr\u00e9e-1.jpg 638w, https:\/\/ecole.ecj23.org\/wp-content\/uploads\/2017\/08\/rentr\u00e9e-1-300x113.jpg 300w\" sizes=\"auto, (max-width: 792px) 100vw, 792px\" \/><\/a><\/strong><\/span><\/h2>\n<p>&nbsp;<\/p>\n<h2><span style=\"color: #3366ff;\"><strong>Lundi 4 septembre 2017<\/strong><\/span><\/h2>\n<ul>\n<li style=\"text-align: justify;\"><span style=\"color: #3366ff;\"><strong>8h30\u00a0: Rentr\u00e9e des classes de 11\u00e8me et de la classe ULIS<\/strong><\/span><\/li>\n<\/ul>\n<p style=\"text-align: justify;\"><span style=\"color: #3366ff;\"><strong>\u00a0 \u00a0 \u00a0 \u00a0 Fin des cours \u00e0 11h45 \u2013 Pas de cours l\u2019apr\u00e8s-midi<\/strong><\/span><\/p>\n<ul style=\"text-align: justify;\">\n<li><span style=\"color: #3366ff;\"><strong>13h45\u00a0: Rentr\u00e9e des classes de 10\u00e8me, 9\u00e8me, 8\u00e8me et 7\u00e8me.<\/strong><\/span><\/li>\n<\/ul>\n<p style=\"text-align: justify;\"><span style=\"color: #3366ff;\"><strong>\u00a0 \u00a0 \u00a0 \u00a0 Fin des cours \u00e0 16h.<\/strong><\/span><\/p>\n<h3><span style=\"color: #3366ff;\"><strong>Le <span style=\"color: #ff338b;\">Restaurant Scolaire et les \u00e9tudes du soir<\/span> fonctionneront \u00e0 partir du <span style=\"color: #ff338b;\">Mardi 5 septembre 2017<\/span>.<\/strong><\/span><\/h3>\n<p>&nbsp;<\/p>\n<h2><span style=\"color: #3366ff;\"><strong>Fournitures Scolaires<\/strong><\/span><\/h2>\n<p><strong><span style=\"color: #3366ff;\"><a style=\"color: #3366ff;\" href=\"http:\/\/ecole.ecj23.org\/wp-content\/uploads\/2017\/08\/Fournitures-scolaires-niveau-11eme-et-Ulis.pdf\" target=\"_blank\" rel=\"noopener noreferrer\">Liste de fournitures scolaires du niveau de 11\u00e8me et Ulis, cliquez-ici<\/a><\/span><\/strong><\/p>\n<p><strong><span style=\"color: #3366ff;\"><a style=\"color: #3366ff;\" href=\"http:\/\/ecole.ecj23.org\/wp-content\/uploads\/2017\/08\/Fournitures-scolaire-niveau-10eme.pdf\" target=\"_blank\" rel=\"noopener noreferrer\">Liste de fournitures scolaires du niveau de 10\u00e8me, cliquez-ici<\/a><\/span><\/strong><\/p>\n<p><strong><span style=\"color: #3366ff;\"><a style=\"color: #3366ff;\" href=\"http:\/\/ecole.ecj23.org\/wp-content\/uploads\/2017\/08\/Fournitures-scolaires-niveau-9eme.pdf\" target=\"_blank\" rel=\"noopener noreferrer\">Liste de fournitures scolaires du niveau de 9\u00e8me, cliquez-ici<\/a><\/span><\/strong><\/p>\n<p><strong><span style=\"color: #3366ff;\"><a style=\"color: #3366ff;\" href=\"http:\/\/ecole.ecj23.org\/wp-content\/uploads\/2017\/08\/Fournitures-scolaires-8eme.pdf\" target=\"_blank\" rel=\"noopener noreferrer\">Liste de fournitures scolaires du niveau de 8\u00e8me, cliquez-ici<\/a><\/span><\/strong><\/p>\n<p><strong><span style=\"color: #3366ff;\"><a style=\"color: #3366ff;\" href=\"http:\/\/ecole.ecj23.org\/wp-content\/uploads\/2017\/08\/Fournitures-scolaires-niveau-7eme.pdf\" target=\"_blank\" rel=\"noopener noreferrer\">Liste de fournitures scolaires du niveau de 7\u00e8me, cliquez-ici<\/a><\/span><\/strong><\/p>\n<p>&nbsp;<\/p>\n<h2><span style=\"color: #3366ff;\"><strong>\u00a0Activit\u00e9s P\u00e9ri \u2013 Educatives du mercredi<\/strong><\/span><\/h2>\n<p><span style=\"color: #3366ff;\"><strong><span style=\"color: #ff338b;\">Reprise le mercredi 27 septembre 2017<\/span><\/strong><\/span><\/p>\n<p style=\"text-align: justify;\"><span style=\"color: #3366ff;\"><strong>Les inscriptions sont prolong\u00e9es \u00a0jusqu&rsquo;au vendredi 15 septembre.<\/strong><\/span><\/p>\n<p style=\"text-align: justify;\"><span style=\"color: #3366ff;\"><strong>Merci de contacter la Vie Scolaire et de \u00a0vous adresser \u00e0 Isabelle JOLY <\/strong><\/span><\/p>\n<p style=\"text-align: justify;\"><span style=\"color: #3366ff;\"><strong>en appelant le 03 89 42 64 24\u00a0<\/strong><\/span><span style=\"color: #3366ff;\"><strong>ou par mail\u00a0: <a style=\"color: #3366ff;\" href=\"mailto:ijoly@ecj23.org\">ijoly@ecj23.org<\/a><\/strong><\/span><\/p>\n<p><a href=\"http:\/\/ecole.ecj23.org\/wp-content\/uploads\/2017\/08\/rentr\u00e9e-3.jpg\"><img loading=\"lazy\" decoding=\"async\" class=\"size-full wp-image-4158 alignright\" src=\"http:\/\/ecole.ecj23.org\/wp-content\/uploads\/2017\/08\/rentr\u00e9e-3.jpg\" alt=\"\" width=\"279\" height=\"208\" \/><\/a><\/p>\n<p><span style=\"color: #3366ff;\"><strong><a style=\"color: #3366ff;\" href=\"http:\/\/ecole.ecj23.org\/wp-content\/uploads\/2017\/08\/Brochure-2017-2018-version-num\u00e9rique-2.pdf\" target=\"_blank\" rel=\"noopener noreferrer\">Pour consulter le catalogue, cliquez ici<\/a><\/strong><\/span><\/p>\n<p style=\"text-align: justify;\"><span style=\"color: #3366ff;\"><strong><a style=\"color: #3366ff;\" href=\"http:\/\/ecole.ecj23.org\/wp-content\/uploads\/2017\/08\/Bulletin-dinscription-Activit\u00e9s-p\u00e9ri-\u00e9ducatives-2017-2018-1.pdf\" target=\"_blank\" rel=\"noopener noreferrer\">Pour obtenir le bulletin d\u2019adh\u00e9sion, cliquez ici<\/a><\/strong><\/span><\/p>\n","protected":false},"excerpt":{"rendered":"<p>&nbsp; Lundi 4 septembre 2017 8h30\u00a0: Rentr\u00e9e des classes de 11\u00e8me et de la classe ULIS \u00a0 \u00a0 \u00a0 \u00a0 Fin des cours \u00e0 11h45 \u2013 Pas de cours l\u2019apr\u00e8s-midi [&hellip;]<\/p>\n","protected":false},"author":5,"featured_media":0,"comment_status":"closed","ping_status":"open","sticky":false,"template":"","format":"standard","meta":{"_jetpack_memberships_contains_paid_content":false,"footnotes":""},"categories":[49],"tags":[],"class_list":["post-4150","post","type-post","status-publish","format-standard","hentry","category-actualites"],"jetpack_featured_media_url":"","jetpack_sharing_enabled":true,"_links":{"self":[{"href":"https:\/\/ecole.ecj23.org\/index.php\/wp-json\/wp\/v2\/posts\/4150","targetHints":{"allow":["GET"]}}],"collection":[{"href":"https:\/\/ecole.ecj23.org\/index.php\/wp-json\/wp\/v2\/posts"}],"about":[{"href":"https:\/\/ecole.ecj23.org\/index.php\/wp-json\/wp\/v2\/types\/post"}],"author":[{"embeddable":true,"href":"https:\/\/ecole.ecj23.org\/index.php\/wp-json\/wp\/v2\/users\/5"}],"replies":[{"embeddable":true,"href":"https:\/\/ecole.ecj23.org\/index.php\/wp-json\/wp\/v2\/comments?post=4150"}],"version-history":[{"count":27,"href":"https:\/\/ecole.ecj23.org\/index.php\/wp-json\/wp\/v2\/posts\/4150\/revisions"}],"predecessor-version":[{"id":4218,"href":"https:\/\/ecole.ecj23.org\/index.php\/wp-json\/wp\/v2\/posts\/4150\/revisions\/4218"}],"wp:attachment":[{"href":"https:\/\/ecole.ecj23.org\/index.php\/wp-json\/wp\/v2\/media?parent=4150"}],"wp:term":[{"taxonomy":"category","embeddable":true,"href":"https:\/\/ecole.ecj23.org\/index.php\/wp-json\/wp\/v2\/categories?post=4150"},{"taxonomy":"post_tag","embeddable":true,"href":"https:\/\/ecole.ecj23.org\/index.php\/wp-json\/wp\/v2\/tags?post=4150"}],"curies":[{"name":"wp","href":"https:\/\/api.w.org\/{rel}","templated":true}]}}