{"id":6387,"date":"2019-03-01T17:33:42","date_gmt":"2019-03-01T16:33:42","guid":{"rendered":"http:\/\/ecole.ecj23.org\/?p=6387"},"modified":"2019-03-01T17:33:43","modified_gmt":"2019-03-01T16:33:43","slug":"c-i-n-e-le-moulin","status":"publish","type":"post","link":"https:\/\/ecole.ecj23.org\/index.php\/2019\/03\/01\/c-i-n-e-le-moulin\/","title":{"rendered":"C.I.N.E Le moulin"},"content":{"rendered":"\n<p>Mardi 16 octobre 2018 nous sommes partis en tram et \u00e0 pieds au C.I.N.E \u00ab Le moulin \u00bb \u00e0 Lutterbach. <br>Lo\u00efcia nous a accueillis. Pendant la matin\u00e9e nous avons tous fait trois ateliers\u00a0: un atelier \u00ab\u00a0p\u00e2tisserie pour confectionner un cake \u00e0 la courge butternut, farine de ch\u00e2taignes. Un atelier \u00ab\u00a0tableau d&rsquo;automne\u00a0\u00bb avec une promenade-cueillette sur le site. Un atelier \u00ab\u00a0courge dans le potager\u00a0\u00bb.<\/p>\n\n\n\n<p>A la fin de la matin\u00e9e, nous avons \u00e9t\u00e9 chanceux de pique-niquer au soleil. Apr\u00e8s la pause repas, moment de d\u00e9tente dans le \u00ab\u00a0coin cabanes\u00a0\u00bb, un vrai plaisir\u00a0!<\/p>\n\n\n\n<p>L&rsquo;apr\u00e8s-midi a d\u00e9but\u00e9 par une histoire que Lo\u00efcia nous a lue. Dans cette histoire il \u00e9tait question d&rsquo;oiseaux qui migrent, non pas parce qu&rsquo;ils ont froid, mais pour trouver de la nourriture.<\/p>\n\n\n\n<p>Nous avons jou\u00e9 au jeu de l&rsquo;\u00e9cureuil\u00a0: chacun devait cacher deux glands et les retrouver en fin de journ\u00e9e\u00a0!  Certains n&rsquo;ont pas retrouv\u00e9 leurs glands. Les \u00e9cureuils ne retrouvent pas toujours leurs r\u00e9serves, quelle d\u00e9ception\u00a0!<\/p>\n\n\n\n<p>Ensuite, quelques ateliers\u00a0:<\/p>\n\n\n\n<p>-coloriage avec des couleurs naturelles (fleurs, feuilles, \u00e9corces, charbon&#8230;)<\/p>\n\n\n\n<p>-un jeu pour d\u00e9couvrir que certains animaux migrent, hibernent, hivernent ou s&rsquo;adaptent pour r\u00e9sister \u00e0 l&rsquo;hiver.   <\/p>\n\n\n\n<p>-les sacs \u00e0 toucher<\/p>\n\n\n\n<p>-les carr\u00e9s de couleur<\/p>\n\n\n\n<p>&#8211; \u00ab\u00a0bo\u00eetes\u00a0\u00bb \u00e0 remplir avec \u00e9l\u00e9ments naturels.<\/p>\n\n\n\n<p>Enfin un petit moment de d\u00e9tente dans le coin \u00ab\u00a0cabanes\u00a0\u00bb avant de d\u00e9guster les cakes faits le matin.<\/p>\n\n\n\n<p>Nous avons pass\u00e9 une belle journ\u00e9e automnale ensoleill\u00e9e\u00a0!  <\/p>\n\n\n\n<p style=\"text-align:right\">La classe de 11A<\/p>\n\n\n\n<ul class=\"wp-block-gallery columns-3 is-cropped wp-block-gallery-1 is-layout-flex wp-block-gallery-is-layout-flex\"><li class=\"blocks-gallery-item\"><figure><img loading=\"lazy\" decoding=\"async\" width=\"1024\" height=\"768\" src=\"http:\/\/ecole.ecj23.org\/wp-content\/uploads\/2019\/03\/lemoulin1-1024x768.jpg\" alt=\"\" data-id=\"6388\" data-link=\"http:\/\/ecole.ecj23.org\/?attachment_id=6388\" class=\"wp-image-6388\" srcset=\"https:\/\/ecole.ecj23.org\/wp-content\/uploads\/2019\/03\/lemoulin1-1024x768.jpg 1024w, https:\/\/ecole.ecj23.org\/wp-content\/uploads\/2019\/03\/lemoulin1-300x225.jpg 300w, https:\/\/ecole.ecj23.org\/wp-content\/uploads\/2019\/03\/lemoulin1-768x576.jpg 768w\" sizes=\"auto, (max-width: 1024px) 100vw, 1024px\" \/><\/figure><\/li><li class=\"blocks-gallery-item\"><figure><img loading=\"lazy\" decoding=\"async\" width=\"1024\" height=\"768\" src=\"http:\/\/ecole.ecj23.org\/wp-content\/uploads\/2019\/03\/lemoulin2-1024x768.jpg\" alt=\"\" data-id=\"6389\" data-link=\"http:\/\/ecole.ecj23.org\/?attachment_id=6389\" class=\"wp-image-6389\" srcset=\"https:\/\/ecole.ecj23.org\/wp-content\/uploads\/2019\/03\/lemoulin2-1024x768.jpg 1024w, https:\/\/ecole.ecj23.org\/wp-content\/uploads\/2019\/03\/lemoulin2-300x225.jpg 300w, https:\/\/ecole.ecj23.org\/wp-content\/uploads\/2019\/03\/lemoulin2-768x576.jpg 768w\" sizes=\"auto, (max-width: 1024px) 100vw, 1024px\" \/><\/figure><\/li><li class=\"blocks-gallery-item\"><figure><img loading=\"lazy\" decoding=\"async\" width=\"409\" height=\"307\" src=\"http:\/\/ecole.ecj23.org\/wp-content\/uploads\/2019\/03\/lemoulin3.jpg\" alt=\"\" data-id=\"6390\" data-link=\"http:\/\/ecole.ecj23.org\/?attachment_id=6390\" class=\"wp-image-6390\" srcset=\"https:\/\/ecole.ecj23.org\/wp-content\/uploads\/2019\/03\/lemoulin3.jpg 409w, https:\/\/ecole.ecj23.org\/wp-content\/uploads\/2019\/03\/lemoulin3-300x225.jpg 300w\" sizes=\"auto, (max-width: 409px) 100vw, 409px\" \/><\/figure><\/li><\/ul>\n","protected":false},"excerpt":{"rendered":"<p>Mardi 16 octobre 2018 nous sommes partis en tram et \u00e0 pieds au C.I.N.E \u00ab Le moulin \u00bb \u00e0 Lutterbach. Lo\u00efcia nous a accueillis. Pendant la matin\u00e9e nous avons tous [&hellip;]<\/p>\n","protected":false},"author":10,"featured_media":0,"comment_status":"closed","ping_status":"open","sticky":false,"template":"","format":"standard","meta":{"_jetpack_memberships_contains_paid_content":false,"footnotes":""},"categories":[1],"tags":[],"class_list":["post-6387","post","type-post","status-publish","format-standard","hentry","category-non-classe"],"jetpack_featured_media_url":"","jetpack_sharing_enabled":true,"_links":{"self":[{"href":"https:\/\/ecole.ecj23.org\/index.php\/wp-json\/wp\/v2\/posts\/6387","targetHints":{"allow":["GET"]}}],"collection":[{"href":"https:\/\/ecole.ecj23.org\/index.php\/wp-json\/wp\/v2\/posts"}],"about":[{"href":"https:\/\/ecole.ecj23.org\/index.php\/wp-json\/wp\/v2\/types\/post"}],"author":[{"embeddable":true,"href":"https:\/\/ecole.ecj23.org\/index.php\/wp-json\/wp\/v2\/users\/10"}],"replies":[{"embeddable":true,"href":"https:\/\/ecole.ecj23.org\/index.php\/wp-json\/wp\/v2\/comments?post=6387"}],"version-history":[{"count":1,"href":"https:\/\/ecole.ecj23.org\/index.php\/wp-json\/wp\/v2\/posts\/6387\/revisions"}],"predecessor-version":[{"id":6391,"href":"https:\/\/ecole.ecj23.org\/index.php\/wp-json\/wp\/v2\/posts\/6387\/revisions\/6391"}],"wp:attachment":[{"href":"https:\/\/ecole.ecj23.org\/index.php\/wp-json\/wp\/v2\/media?parent=6387"}],"wp:term":[{"taxonomy":"category","embeddable":true,"href":"https:\/\/ecole.ecj23.org\/index.php\/wp-json\/wp\/v2\/categories?post=6387"},{"taxonomy":"post_tag","embeddable":true,"href":"https:\/\/ecole.ecj23.org\/index.php\/wp-json\/wp\/v2\/tags?post=6387"}],"curies":[{"name":"wp","href":"https:\/\/api.w.org\/{rel}","templated":true}]}}