{"id":6403,"date":"2019-03-04T14:30:52","date_gmt":"2019-03-04T13:30:52","guid":{"rendered":"http:\/\/ecole.ecj23.org\/?p=6403"},"modified":"2019-03-05T11:32:24","modified_gmt":"2019-03-05T10:32:24","slug":"a-la-decouverte-de-la-synagogue","status":"publish","type":"post","link":"https:\/\/ecole.ecj23.org\/index.php\/2019\/03\/04\/a-la-decouverte-de-la-synagogue\/","title":{"rendered":"\u00c0 la d\u00e9couverte de la synagogue"},"content":{"rendered":"\n<p>Le jeudi 8 novembre 2018, nous avons march\u00e9 vers la synagogue de Mulhouse. Nous avons d&rsquo;abord observ\u00e9 le mur de la Synagogue et nous y avons d\u00e9couvert des mots en h\u00e9breux, une Thora et une Menorah.<\/p>\n\n\n\n<p>Ensuite, le rabbin nous a accueillis et nous avons pris place place sur les bancs.<\/p>\n\n\n\n<p>Nous avons cherch\u00e9 les diff\u00e9rences entre une \u00e9glise et une synagogue  : ici il n&rsquo;y a aucune repr\u00e9sentation de Dieu. <\/p>\n\n\n\n<p>Le rabbin nous a racont\u00e9 la longue histoire de la Synagogue. Elle a \u00e9t\u00e9 construite en 1849. Pendant la 2e guerre mondiale, les allemands ont mis les d\u00e9cors du th\u00e9\u00e2tre dans la Synagogue et ils se sont servis de la Synagogue comme man\u00e8ge \u00e0 chevaux. Gr\u00e2ce \u00e0 cela, la Synagogue de Mulhouse n&rsquo;a pas \u00e9t\u00e9 d\u00e9truite.<\/p>\n\n\n\n<p>Il y a quelques ann\u00e9es, un incendie \u00e0 d\u00e9truit une partie de la Synagogue et en particulier l&rsquo;orgue. Elle a \u00e9t\u00e9 restaur\u00e9e da,s l&rsquo;ann\u00e9e qui suivi.<\/p>\n\n\n\n<p>Pendant la pri\u00e8re, les hommes et les femmes sont s\u00e9par\u00e9s afin de pouvoir bien se concentrer.<\/p>\n\n\n\n<p>les Juifs ne mangent pas de porc, ni de poissons qui n&rsquo;ont pas d&rsquo;\u00e9cailles et de nageoires&#8230; Enfin, le rabbin a ouvert l&rsquo;armoire pour en sortir une grande Thora. Il l&rsquo;a d\u00e9roul\u00e9e avec pr\u00e9caution, comme on fait avec un objet pr\u00e9cieux, en nous expliquant qu&rsquo;elle est faite en parchemin. Puis, le rabbin nous a chant\u00e9 une pri\u00e8re en H\u00e9breu.<\/p>\n\n\n\n<p>Pour le remercier, nous lui avons offert une mosa\u00efque nous avions r\u00e9alis\u00e9e pour lui, sur laquelle est \u00e9crit le mot \u00ab\u00a0Shalom\u00a0\u00bb en h\u00e9breu. Le rabbin a \u00e9t\u00e9 touch\u00e9 et nous a promis qu&rsquo;il l&rsquo;accrochera dans sa maison, \u00e0 J\u00e9rusalem.<\/p>\n\n\n\n<p>Nous sommes revenus \u00e0 l&rsquo;\u00e9cole avec plein de belles choses et de d\u00e9couvertes dans notre m\u00e9moire.<\/p>\n\n\n\n<p style=\"text-align:right\">La classe de 9Art<br><\/p>\n\n\n\n<ul class=\"wp-block-gallery columns-3 is-cropped wp-block-gallery-1 is-layout-flex wp-block-gallery-is-layout-flex\"><li class=\"blocks-gallery-item\"><figure><img loading=\"lazy\" decoding=\"async\" width=\"1024\" height=\"765\" src=\"http:\/\/ecole.ecj23.org\/wp-content\/uploads\/2019\/03\/IMG_2568-1024x765.jpg\" alt=\"\" data-id=\"6418\" data-link=\"http:\/\/ecole.ecj23.org\/index.php\/2019\/03\/04\/a-la-decouverte-de-la-synagogue\/img_2568\/\" class=\"wp-image-6418\" srcset=\"https:\/\/ecole.ecj23.org\/wp-content\/uploads\/2019\/03\/IMG_2568-1024x765.jpg 1024w, https:\/\/ecole.ecj23.org\/wp-content\/uploads\/2019\/03\/IMG_2568-300x224.jpg 300w, https:\/\/ecole.ecj23.org\/wp-content\/uploads\/2019\/03\/IMG_2568-768x574.jpg 768w\" sizes=\"auto, (max-width: 1024px) 100vw, 1024px\" \/><\/figure><\/li><li class=\"blocks-gallery-item\"><figure><img loading=\"lazy\" decoding=\"async\" width=\"1024\" height=\"765\" src=\"http:\/\/ecole.ecj23.org\/wp-content\/uploads\/2019\/03\/IMG_2576-1024x765.jpg\" alt=\"\" data-id=\"6419\" data-link=\"http:\/\/ecole.ecj23.org\/index.php\/2019\/03\/04\/a-la-decouverte-de-la-synagogue\/img_2576\/\" class=\"wp-image-6419\" srcset=\"https:\/\/ecole.ecj23.org\/wp-content\/uploads\/2019\/03\/IMG_2576-1024x765.jpg 1024w, https:\/\/ecole.ecj23.org\/wp-content\/uploads\/2019\/03\/IMG_2576-300x224.jpg 300w, https:\/\/ecole.ecj23.org\/wp-content\/uploads\/2019\/03\/IMG_2576-768x574.jpg 768w\" sizes=\"auto, (max-width: 1024px) 100vw, 1024px\" \/><\/figure><\/li><li class=\"blocks-gallery-item\"><figure><img loading=\"lazy\" decoding=\"async\" width=\"1024\" height=\"765\" src=\"http:\/\/ecole.ecj23.org\/wp-content\/uploads\/2019\/03\/IMG_2585-1024x765.jpg\" alt=\"\" data-id=\"6420\" data-link=\"http:\/\/ecole.ecj23.org\/index.php\/2019\/03\/04\/a-la-decouverte-de-la-synagogue\/img_2585\/\" class=\"wp-image-6420\" srcset=\"https:\/\/ecole.ecj23.org\/wp-content\/uploads\/2019\/03\/IMG_2585-1024x765.jpg 1024w, https:\/\/ecole.ecj23.org\/wp-content\/uploads\/2019\/03\/IMG_2585-300x224.jpg 300w, https:\/\/ecole.ecj23.org\/wp-content\/uploads\/2019\/03\/IMG_2585-768x574.jpg 768w\" sizes=\"auto, (max-width: 1024px) 100vw, 1024px\" \/><\/figure><\/li><li class=\"blocks-gallery-item\"><figure><img loading=\"lazy\" decoding=\"async\" width=\"1024\" height=\"765\" src=\"http:\/\/ecole.ecj23.org\/wp-content\/uploads\/2019\/03\/IMG_2593-1024x765.jpg\" alt=\"\" data-id=\"6421\" data-link=\"http:\/\/ecole.ecj23.org\/index.php\/2019\/03\/04\/a-la-decouverte-de-la-synagogue\/img_2593\/\" class=\"wp-image-6421\" srcset=\"https:\/\/ecole.ecj23.org\/wp-content\/uploads\/2019\/03\/IMG_2593-1024x765.jpg 1024w, https:\/\/ecole.ecj23.org\/wp-content\/uploads\/2019\/03\/IMG_2593-300x224.jpg 300w, https:\/\/ecole.ecj23.org\/wp-content\/uploads\/2019\/03\/IMG_2593-768x574.jpg 768w\" sizes=\"auto, (max-width: 1024px) 100vw, 1024px\" \/><\/figure><\/li><li class=\"blocks-gallery-item\"><figure><img loading=\"lazy\" decoding=\"async\" width=\"1024\" height=\"765\" src=\"http:\/\/ecole.ecj23.org\/wp-content\/uploads\/2019\/03\/IMG_2594-1024x765.jpg\" alt=\"\" data-id=\"6422\" data-link=\"http:\/\/ecole.ecj23.org\/index.php\/2019\/03\/04\/a-la-decouverte-de-la-synagogue\/img_2594\/\" class=\"wp-image-6422\" srcset=\"https:\/\/ecole.ecj23.org\/wp-content\/uploads\/2019\/03\/IMG_2594-1024x765.jpg 1024w, https:\/\/ecole.ecj23.org\/wp-content\/uploads\/2019\/03\/IMG_2594-300x224.jpg 300w, https:\/\/ecole.ecj23.org\/wp-content\/uploads\/2019\/03\/IMG_2594-768x574.jpg 768w\" sizes=\"auto, (max-width: 1024px) 100vw, 1024px\" \/><\/figure><\/li><li class=\"blocks-gallery-item\"><figure><img loading=\"lazy\" decoding=\"async\" width=\"1024\" height=\"765\" src=\"http:\/\/ecole.ecj23.org\/wp-content\/uploads\/2019\/03\/IMG_2603-1024x765.jpg\" alt=\"\" data-id=\"6423\" data-link=\"http:\/\/ecole.ecj23.org\/index.php\/2019\/03\/04\/a-la-decouverte-de-la-synagogue\/img_2603\/\" class=\"wp-image-6423\" srcset=\"https:\/\/ecole.ecj23.org\/wp-content\/uploads\/2019\/03\/IMG_2603-1024x765.jpg 1024w, https:\/\/ecole.ecj23.org\/wp-content\/uploads\/2019\/03\/IMG_2603-300x224.jpg 300w, https:\/\/ecole.ecj23.org\/wp-content\/uploads\/2019\/03\/IMG_2603-768x574.jpg 768w\" sizes=\"auto, (max-width: 1024px) 100vw, 1024px\" \/><\/figure><\/li><li class=\"blocks-gallery-item\"><figure><img loading=\"lazy\" decoding=\"async\" width=\"1024\" height=\"765\" src=\"http:\/\/ecole.ecj23.org\/wp-content\/uploads\/2019\/03\/IMG_2607-1024x765.jpg\" alt=\"\" data-id=\"6424\" data-link=\"http:\/\/ecole.ecj23.org\/index.php\/2019\/03\/04\/a-la-decouverte-de-la-synagogue\/img_2607\/\" class=\"wp-image-6424\" srcset=\"https:\/\/ecole.ecj23.org\/wp-content\/uploads\/2019\/03\/IMG_2607-1024x765.jpg 1024w, https:\/\/ecole.ecj23.org\/wp-content\/uploads\/2019\/03\/IMG_2607-300x224.jpg 300w, https:\/\/ecole.ecj23.org\/wp-content\/uploads\/2019\/03\/IMG_2607-768x574.jpg 768w\" sizes=\"auto, (max-width: 1024px) 100vw, 1024px\" \/><\/figure><\/li><li class=\"blocks-gallery-item\"><figure><img loading=\"lazy\" decoding=\"async\" width=\"1024\" height=\"765\" src=\"http:\/\/ecole.ecj23.org\/wp-content\/uploads\/2019\/03\/IMG_2613-1024x765.jpg\" alt=\"\" data-id=\"6425\" data-link=\"http:\/\/ecole.ecj23.org\/index.php\/2019\/03\/04\/a-la-decouverte-de-la-synagogue\/img_2613\/\" class=\"wp-image-6425\" srcset=\"https:\/\/ecole.ecj23.org\/wp-content\/uploads\/2019\/03\/IMG_2613-1024x765.jpg 1024w, https:\/\/ecole.ecj23.org\/wp-content\/uploads\/2019\/03\/IMG_2613-300x224.jpg 300w, https:\/\/ecole.ecj23.org\/wp-content\/uploads\/2019\/03\/IMG_2613-768x574.jpg 768w\" sizes=\"auto, (max-width: 1024px) 100vw, 1024px\" \/><\/figure><\/li><li class=\"blocks-gallery-item\"><figure><img loading=\"lazy\" decoding=\"async\" width=\"1024\" height=\"765\" src=\"http:\/\/ecole.ecj23.org\/wp-content\/uploads\/2019\/03\/IMG_2615-1024x765.jpg\" alt=\"\" data-id=\"6426\" data-link=\"http:\/\/ecole.ecj23.org\/index.php\/2019\/03\/04\/a-la-decouverte-de-la-synagogue\/img_2615\/\" class=\"wp-image-6426\" srcset=\"https:\/\/ecole.ecj23.org\/wp-content\/uploads\/2019\/03\/IMG_2615-1024x765.jpg 1024w, https:\/\/ecole.ecj23.org\/wp-content\/uploads\/2019\/03\/IMG_2615-300x224.jpg 300w, https:\/\/ecole.ecj23.org\/wp-content\/uploads\/2019\/03\/IMG_2615-768x574.jpg 768w\" sizes=\"auto, (max-width: 1024px) 100vw, 1024px\" \/><\/figure><\/li><\/ul>\n","protected":false},"excerpt":{"rendered":"<p>Le jeudi 8 novembre 2018, nous avons march\u00e9 vers la synagogue de Mulhouse. Nous avons d&rsquo;abord observ\u00e9 le mur de la Synagogue et nous y avons d\u00e9couvert des mots en [&hellip;]<\/p>\n","protected":false},"author":10,"featured_media":0,"comment_status":"closed","ping_status":"open","sticky":false,"template":"","format":"standard","meta":{"_jetpack_memberships_contains_paid_content":false,"footnotes":""},"categories":[1],"tags":[],"class_list":["post-6403","post","type-post","status-publish","format-standard","hentry","category-non-classe"],"jetpack_featured_media_url":"","jetpack_sharing_enabled":true,"_links":{"self":[{"href":"https:\/\/ecole.ecj23.org\/index.php\/wp-json\/wp\/v2\/posts\/6403","targetHints":{"allow":["GET"]}}],"collection":[{"href":"https:\/\/ecole.ecj23.org\/index.php\/wp-json\/wp\/v2\/posts"}],"about":[{"href":"https:\/\/ecole.ecj23.org\/index.php\/wp-json\/wp\/v2\/types\/post"}],"author":[{"embeddable":true,"href":"https:\/\/ecole.ecj23.org\/index.php\/wp-json\/wp\/v2\/users\/10"}],"replies":[{"embeddable":true,"href":"https:\/\/ecole.ecj23.org\/index.php\/wp-json\/wp\/v2\/comments?post=6403"}],"version-history":[{"count":5,"href":"https:\/\/ecole.ecj23.org\/index.php\/wp-json\/wp\/v2\/posts\/6403\/revisions"}],"predecessor-version":[{"id":6427,"href":"https:\/\/ecole.ecj23.org\/index.php\/wp-json\/wp\/v2\/posts\/6403\/revisions\/6427"}],"wp:attachment":[{"href":"https:\/\/ecole.ecj23.org\/index.php\/wp-json\/wp\/v2\/media?parent=6403"}],"wp:term":[{"taxonomy":"category","embeddable":true,"href":"https:\/\/ecole.ecj23.org\/index.php\/wp-json\/wp\/v2\/categories?post=6403"},{"taxonomy":"post_tag","embeddable":true,"href":"https:\/\/ecole.ecj23.org\/index.php\/wp-json\/wp\/v2\/tags?post=6403"}],"curies":[{"name":"wp","href":"https:\/\/api.w.org\/{rel}","templated":true}]}}