{"id":6682,"date":"2019-03-31T19:49:53","date_gmt":"2019-03-31T18:49:53","guid":{"rendered":"http:\/\/ecole.ecj23.org\/?p=6682"},"modified":"2019-04-01T13:12:24","modified_gmt":"2019-04-01T12:12:24","slug":"biscuiterie-albisser","status":"publish","type":"post","link":"https:\/\/ecole.ecj23.org\/index.php\/2019\/03\/31\/biscuiterie-albisser\/","title":{"rendered":"Biscuiterie Albisser"},"content":{"rendered":"\n<p>Dans le cadre de notre grand projet autour de la Gourmandise, nous \navons eu le privil\u00e8ge de nous rendre \u00e0 la Biscuiterie Albisser de \nPfastatt. <\/p>\n\n\n\n<p>C\u00e9line Albisser, la maman de Jules, nous a propos\u00e9 des ateliers de confection de la meringue. <\/p>\n\n\n\n<p>Tous\n ont redoubl\u00e9 d\u2019efforts pour imiter les gestes du p\u00e2tissier et r\u00e9aliser \ndes meringues en forme d\u2019\u0153ufs, de cocottes et de lapins en vue des f\u00eates\n de P\u00e2ques. <\/p>\n\n\n\n<p>Merci \u00e0 l\u2019ensemble de l\u2019\u00e9quipe pour ce \ng\u00e9n\u00e9reux partage de savoir-faire, qui fut appr\u00e9ci\u00e9 des petits comme des \ngrands, au service de la gourmandise. <\/p>\n\n\n\n<p>On vous a mis l\u2019eau \u00e0 la bouche ? Alors, \u00e0 vous de jouer ! <\/p>\n\n\n\n<p>Recette :  <\/p>\n\n\n\n<p>280g de sucre <\/p>\n\n\n\n<p>4 blancs d\u2019\u0153uf <\/p>\n\n\n\n<p>vanille en poudre <\/p>\n\n\n\n<p>Cuisson 20 \u00e0 30 minutes \u00e0 120\u00b0C, puis 1 heure \u00e0 100\u00b0C <\/p>\n\n\n\n<p>Bonne d\u00e9gustation ! <\/p>\n\n\n\n<p style=\"text-align:right\">Les 10\u00e8mes D<\/p>\n\n\n\n<ul class=\"wp-block-gallery columns-1 is-cropped wp-block-gallery-1 is-layout-flex wp-block-gallery-is-layout-flex\"><li class=\"blocks-gallery-item\"><figure><img loading=\"lazy\" decoding=\"async\" width=\"1024\" height=\"768\" src=\"http:\/\/ecole.ecj23.org\/wp-content\/uploads\/2019\/04\/alb3-1024x768.jpg\" alt=\"\" data-id=\"6686\" data-link=\"http:\/\/ecole.ecj23.org\/index.php\/2019\/03\/31\/biscuiterie-albisser\/alb3\/\" class=\"wp-image-6686\" srcset=\"https:\/\/ecole.ecj23.org\/wp-content\/uploads\/2019\/04\/alb3-1024x768.jpg 1024w, https:\/\/ecole.ecj23.org\/wp-content\/uploads\/2019\/04\/alb3-300x225.jpg 300w, https:\/\/ecole.ecj23.org\/wp-content\/uploads\/2019\/04\/alb3-768x576.jpg 768w, https:\/\/ecole.ecj23.org\/wp-content\/uploads\/2019\/04\/alb3.jpg 1280w\" sizes=\"auto, (max-width: 1024px) 100vw, 1024px\" \/><\/figure><\/li><\/ul>\n\n\n\n<ul class=\"wp-block-gallery columns-3 is-cropped wp-block-gallery-2 is-layout-flex wp-block-gallery-is-layout-flex\"><li class=\"blocks-gallery-item\"><figure><img loading=\"lazy\" decoding=\"async\" width=\"768\" height=\"1024\" src=\"http:\/\/ecole.ecj23.org\/wp-content\/uploads\/2019\/04\/alb1-768x1024.jpg\" alt=\"\" data-id=\"6684\" data-link=\"http:\/\/ecole.ecj23.org\/index.php\/2019\/03\/31\/biscuiterie-albisser\/alb1\/\" class=\"wp-image-6684\" srcset=\"https:\/\/ecole.ecj23.org\/wp-content\/uploads\/2019\/04\/alb1-768x1024.jpg 768w, https:\/\/ecole.ecj23.org\/wp-content\/uploads\/2019\/04\/alb1-225x300.jpg 225w, https:\/\/ecole.ecj23.org\/wp-content\/uploads\/2019\/04\/alb1.jpg 960w\" sizes=\"auto, (max-width: 768px) 100vw, 768px\" \/><\/figure><\/li><li class=\"blocks-gallery-item\"><figure><img loading=\"lazy\" decoding=\"async\" width=\"768\" height=\"1024\" src=\"http:\/\/ecole.ecj23.org\/wp-content\/uploads\/2019\/04\/alb2-768x1024.jpg\" alt=\"\" data-id=\"6685\" data-link=\"http:\/\/ecole.ecj23.org\/index.php\/2019\/03\/31\/biscuiterie-albisser\/alb2\/\" class=\"wp-image-6685\" srcset=\"https:\/\/ecole.ecj23.org\/wp-content\/uploads\/2019\/04\/alb2-768x1024.jpg 768w, https:\/\/ecole.ecj23.org\/wp-content\/uploads\/2019\/04\/alb2-225x300.jpg 225w, https:\/\/ecole.ecj23.org\/wp-content\/uploads\/2019\/04\/alb2.jpg 960w\" sizes=\"auto, (max-width: 768px) 100vw, 768px\" \/><\/figure><\/li><li class=\"blocks-gallery-item\"><figure><img loading=\"lazy\" decoding=\"async\" width=\"1024\" height=\"768\" src=\"http:\/\/ecole.ecj23.org\/wp-content\/uploads\/2019\/04\/alb4-1024x768.jpg\" alt=\"\" data-id=\"6687\" data-link=\"http:\/\/ecole.ecj23.org\/index.php\/2019\/03\/31\/biscuiterie-albisser\/alb4\/\" class=\"wp-image-6687\" srcset=\"https:\/\/ecole.ecj23.org\/wp-content\/uploads\/2019\/04\/alb4-1024x768.jpg 1024w, https:\/\/ecole.ecj23.org\/wp-content\/uploads\/2019\/04\/alb4-300x225.jpg 300w, https:\/\/ecole.ecj23.org\/wp-content\/uploads\/2019\/04\/alb4-768x576.jpg 768w, https:\/\/ecole.ecj23.org\/wp-content\/uploads\/2019\/04\/alb4.jpg 1280w\" sizes=\"auto, (max-width: 1024px) 100vw, 1024px\" \/><\/figure><\/li><li class=\"blocks-gallery-item\"><figure><img loading=\"lazy\" decoding=\"async\" width=\"1024\" height=\"768\" src=\"http:\/\/ecole.ecj23.org\/wp-content\/uploads\/2019\/04\/alb5-1024x768.jpg\" alt=\"\" data-id=\"6688\" data-link=\"http:\/\/ecole.ecj23.org\/index.php\/2019\/03\/31\/biscuiterie-albisser\/alb5\/\" class=\"wp-image-6688\" srcset=\"https:\/\/ecole.ecj23.org\/wp-content\/uploads\/2019\/04\/alb5-1024x768.jpg 1024w, https:\/\/ecole.ecj23.org\/wp-content\/uploads\/2019\/04\/alb5-300x225.jpg 300w, https:\/\/ecole.ecj23.org\/wp-content\/uploads\/2019\/04\/alb5-768x576.jpg 768w, https:\/\/ecole.ecj23.org\/wp-content\/uploads\/2019\/04\/alb5.jpg 1280w\" sizes=\"auto, (max-width: 1024px) 100vw, 1024px\" \/><\/figure><\/li><li class=\"blocks-gallery-item\"><figure><img loading=\"lazy\" decoding=\"async\" width=\"1024\" height=\"768\" src=\"http:\/\/ecole.ecj23.org\/wp-content\/uploads\/2019\/04\/alb6-1024x768.jpg\" alt=\"\" data-id=\"6689\" data-link=\"http:\/\/ecole.ecj23.org\/index.php\/2019\/03\/31\/biscuiterie-albisser\/alb6\/\" class=\"wp-image-6689\" srcset=\"https:\/\/ecole.ecj23.org\/wp-content\/uploads\/2019\/04\/alb6-1024x768.jpg 1024w, https:\/\/ecole.ecj23.org\/wp-content\/uploads\/2019\/04\/alb6-300x225.jpg 300w, https:\/\/ecole.ecj23.org\/wp-content\/uploads\/2019\/04\/alb6-768x576.jpg 768w, https:\/\/ecole.ecj23.org\/wp-content\/uploads\/2019\/04\/alb6.jpg 1280w\" sizes=\"auto, (max-width: 1024px) 100vw, 1024px\" \/><\/figure><\/li><\/ul>\n","protected":false},"excerpt":{"rendered":"<p>Dans le cadre de notre grand projet autour de la Gourmandise, nous avons eu le privil\u00e8ge de nous rendre \u00e0 la Biscuiterie Albisser de Pfastatt. C\u00e9line Albisser, la maman de [&hellip;]<\/p>\n","protected":false},"author":10,"featured_media":0,"comment_status":"closed","ping_status":"open","sticky":false,"template":"","format":"standard","meta":{"_jetpack_memberships_contains_paid_content":false,"footnotes":""},"categories":[1],"tags":[],"class_list":["post-6682","post","type-post","status-publish","format-standard","hentry","category-non-classe"],"jetpack_featured_media_url":"","jetpack_sharing_enabled":true,"_links":{"self":[{"href":"https:\/\/ecole.ecj23.org\/index.php\/wp-json\/wp\/v2\/posts\/6682","targetHints":{"allow":["GET"]}}],"collection":[{"href":"https:\/\/ecole.ecj23.org\/index.php\/wp-json\/wp\/v2\/posts"}],"about":[{"href":"https:\/\/ecole.ecj23.org\/index.php\/wp-json\/wp\/v2\/types\/post"}],"author":[{"embeddable":true,"href":"https:\/\/ecole.ecj23.org\/index.php\/wp-json\/wp\/v2\/users\/10"}],"replies":[{"embeddable":true,"href":"https:\/\/ecole.ecj23.org\/index.php\/wp-json\/wp\/v2\/comments?post=6682"}],"version-history":[{"count":2,"href":"https:\/\/ecole.ecj23.org\/index.php\/wp-json\/wp\/v2\/posts\/6682\/revisions"}],"predecessor-version":[{"id":6690,"href":"https:\/\/ecole.ecj23.org\/index.php\/wp-json\/wp\/v2\/posts\/6682\/revisions\/6690"}],"wp:attachment":[{"href":"https:\/\/ecole.ecj23.org\/index.php\/wp-json\/wp\/v2\/media?parent=6682"}],"wp:term":[{"taxonomy":"category","embeddable":true,"href":"https:\/\/ecole.ecj23.org\/index.php\/wp-json\/wp\/v2\/categories?post=6682"},{"taxonomy":"post_tag","embeddable":true,"href":"https:\/\/ecole.ecj23.org\/index.php\/wp-json\/wp\/v2\/tags?post=6682"}],"curies":[{"name":"wp","href":"https:\/\/api.w.org\/{rel}","templated":true}]}}