{"id":6724,"date":"2019-04-04T08:02:32","date_gmt":"2019-04-04T07:02:32","guid":{"rendered":"http:\/\/ecole.ecj23.org\/?p=6724"},"modified":"2019-04-04T10:32:06","modified_gmt":"2019-04-04T09:32:06","slug":"visite-de-la-boulangerie-marie-blachere","status":"publish","type":"post","link":"https:\/\/ecole.ecj23.org\/index.php\/2019\/04\/04\/visite-de-la-boulangerie-marie-blachere\/","title":{"rendered":"Visite de la boulangerie Marie Blach\u00e8re"},"content":{"rendered":"\n<p>Bienvenue aux petits mitrons de la 11\u00e8me B ! <\/p>\n\n\n\n<p>C\u2019est \nsous un soleil radieux que nous avons march\u00e9 jusqu\u2019\u00e0 la boulangerie \nMarie Blach\u00e8re de Mulhouse, \u00e0 l\u2019invitation de la maman de Lucka\u00ebl. <\/p>\n\n\n\n<p>Tout \u00e9tait pr\u00e9par\u00e9 pour que nous puissions passer un tr\u00e8s bel apr\u00e8s-midi.  <\/p>\n\n\n\n<p>En effet, trois ateliers nous attendaient : <\/p>\n\n\n\n<p>-Confection de boules de pain, sous le regard avis\u00e9 du chef boulanger ! <\/p>\n\n\n\n<p>-Pour le c\u00f4t\u00e9 sucr\u00e9, r\u00e9alisation de tartes aux poires. <\/p>\n\n\n\n<p>-D\u00e9gustation de diff\u00e9rents pains : un moment de pur r\u00e9gal et pour tous les go\u00fbts ! <\/p>\n\n\n\n<p>Pendant\n que les adultes confectionnaient leurs boules de pain, nous avons eu la\n chance de visiter le fournil de la boulangerie.  <\/p>\n\n\n\n<p>Mais avant de repartir pour l\u2019\u00e9cole, un petit sachet individuel de chouquettes nous attendait pour notre go\u00fbter !  <\/p>\n\n\n\n<p>C\u2019est\n fiers du travail accompli, que nous avons partag\u00e9 nos confections avec \nnos parents, lors de la soir\u00e9e convivial de notre classe de neige ! <\/p>\n\n\n\n<p>Nous\n remercions une nouvelle fois, toute l\u2019\u00e9quipe de la boulangerie Marie \nBlach\u00e8re et tout particuli\u00e8rement la maman de Lucka\u00ebl, manager de cet \n\u00e9tablissement, pour son accueil, gentillesse et g\u00e9n\u00e9rosit\u00e9.<\/p>\n\n\n\n<ul class=\"wp-block-gallery columns-3 is-cropped wp-block-gallery-1 is-layout-flex wp-block-gallery-is-layout-flex\"><li class=\"blocks-gallery-item\"><figure><img loading=\"lazy\" decoding=\"async\" width=\"1024\" height=\"768\" src=\"http:\/\/ecole.ecj23.org\/wp-content\/uploads\/2019\/04\/marieb1-1024x768.jpg\" alt=\"\" data-id=\"6725\" data-link=\"http:\/\/ecole.ecj23.org\/index.php\/2019\/04\/04\/visite-de-la-boulangerie-marie-blachere\/marieb1\/\" class=\"wp-image-6725\" srcset=\"https:\/\/ecole.ecj23.org\/wp-content\/uploads\/2019\/04\/marieb1-1024x768.jpg 1024w, https:\/\/ecole.ecj23.org\/wp-content\/uploads\/2019\/04\/marieb1-300x225.jpg 300w, https:\/\/ecole.ecj23.org\/wp-content\/uploads\/2019\/04\/marieb1-768x576.jpg 768w, https:\/\/ecole.ecj23.org\/wp-content\/uploads\/2019\/04\/marieb1.jpg 1280w\" sizes=\"auto, (max-width: 1024px) 100vw, 1024px\" \/><\/figure><\/li><li class=\"blocks-gallery-item\"><figure><img loading=\"lazy\" decoding=\"async\" width=\"1024\" height=\"576\" src=\"http:\/\/ecole.ecj23.org\/wp-content\/uploads\/2019\/04\/marieb4-1024x576.jpg\" alt=\"\" data-id=\"6728\" data-link=\"http:\/\/ecole.ecj23.org\/index.php\/2019\/04\/04\/visite-de-la-boulangerie-marie-blachere\/marieb4\/\" class=\"wp-image-6728\" srcset=\"https:\/\/ecole.ecj23.org\/wp-content\/uploads\/2019\/04\/marieb4-1024x576.jpg 1024w, https:\/\/ecole.ecj23.org\/wp-content\/uploads\/2019\/04\/marieb4-300x169.jpg 300w, https:\/\/ecole.ecj23.org\/wp-content\/uploads\/2019\/04\/marieb4-768x432.jpg 768w, https:\/\/ecole.ecj23.org\/wp-content\/uploads\/2019\/04\/marieb4.jpg 1280w\" sizes=\"auto, (max-width: 1024px) 100vw, 1024px\" \/><\/figure><\/li><li class=\"blocks-gallery-item\"><figure><img loading=\"lazy\" decoding=\"async\" width=\"1024\" height=\"576\" src=\"http:\/\/ecole.ecj23.org\/wp-content\/uploads\/2019\/04\/marieb5-1024x576.jpg\" alt=\"\" data-id=\"6729\" data-link=\"http:\/\/ecole.ecj23.org\/index.php\/2019\/04\/04\/visite-de-la-boulangerie-marie-blachere\/marieb5\/\" class=\"wp-image-6729\" srcset=\"https:\/\/ecole.ecj23.org\/wp-content\/uploads\/2019\/04\/marieb5-1024x576.jpg 1024w, https:\/\/ecole.ecj23.org\/wp-content\/uploads\/2019\/04\/marieb5-300x169.jpg 300w, https:\/\/ecole.ecj23.org\/wp-content\/uploads\/2019\/04\/marieb5-768x432.jpg 768w, https:\/\/ecole.ecj23.org\/wp-content\/uploads\/2019\/04\/marieb5.jpg 1280w\" sizes=\"auto, (max-width: 1024px) 100vw, 1024px\" \/><\/figure><\/li><li class=\"blocks-gallery-item\"><figure><img loading=\"lazy\" decoding=\"async\" width=\"1024\" height=\"768\" src=\"http:\/\/ecole.ecj23.org\/wp-content\/uploads\/2019\/04\/marieb2-1024x768.jpg\" alt=\"\" data-id=\"6726\" data-link=\"http:\/\/ecole.ecj23.org\/index.php\/2019\/04\/04\/visite-de-la-boulangerie-marie-blachere\/marieb2\/\" class=\"wp-image-6726\" srcset=\"https:\/\/ecole.ecj23.org\/wp-content\/uploads\/2019\/04\/marieb2-1024x768.jpg 1024w, https:\/\/ecole.ecj23.org\/wp-content\/uploads\/2019\/04\/marieb2-300x225.jpg 300w, https:\/\/ecole.ecj23.org\/wp-content\/uploads\/2019\/04\/marieb2-768x576.jpg 768w, https:\/\/ecole.ecj23.org\/wp-content\/uploads\/2019\/04\/marieb2.jpg 1280w\" sizes=\"auto, (max-width: 1024px) 100vw, 1024px\" \/><\/figure><\/li><\/ul>\n","protected":false},"excerpt":{"rendered":"<p>Bienvenue aux petits mitrons de la 11\u00e8me B ! C\u2019est sous un soleil radieux que nous avons march\u00e9 jusqu\u2019\u00e0 la boulangerie Marie Blach\u00e8re de Mulhouse, \u00e0 l\u2019invitation de la maman [&hellip;]<\/p>\n","protected":false},"author":10,"featured_media":0,"comment_status":"closed","ping_status":"open","sticky":false,"template":"","format":"standard","meta":{"_jetpack_memberships_contains_paid_content":false,"footnotes":""},"categories":[1],"tags":[],"class_list":["post-6724","post","type-post","status-publish","format-standard","hentry","category-non-classe"],"jetpack_featured_media_url":"","jetpack_sharing_enabled":true,"_links":{"self":[{"href":"https:\/\/ecole.ecj23.org\/index.php\/wp-json\/wp\/v2\/posts\/6724","targetHints":{"allow":["GET"]}}],"collection":[{"href":"https:\/\/ecole.ecj23.org\/index.php\/wp-json\/wp\/v2\/posts"}],"about":[{"href":"https:\/\/ecole.ecj23.org\/index.php\/wp-json\/wp\/v2\/types\/post"}],"author":[{"embeddable":true,"href":"https:\/\/ecole.ecj23.org\/index.php\/wp-json\/wp\/v2\/users\/10"}],"replies":[{"embeddable":true,"href":"https:\/\/ecole.ecj23.org\/index.php\/wp-json\/wp\/v2\/comments?post=6724"}],"version-history":[{"count":2,"href":"https:\/\/ecole.ecj23.org\/index.php\/wp-json\/wp\/v2\/posts\/6724\/revisions"}],"predecessor-version":[{"id":6734,"href":"https:\/\/ecole.ecj23.org\/index.php\/wp-json\/wp\/v2\/posts\/6724\/revisions\/6734"}],"wp:attachment":[{"href":"https:\/\/ecole.ecj23.org\/index.php\/wp-json\/wp\/v2\/media?parent=6724"}],"wp:term":[{"taxonomy":"category","embeddable":true,"href":"https:\/\/ecole.ecj23.org\/index.php\/wp-json\/wp\/v2\/categories?post=6724"},{"taxonomy":"post_tag","embeddable":true,"href":"https:\/\/ecole.ecj23.org\/index.php\/wp-json\/wp\/v2\/tags?post=6724"}],"curies":[{"name":"wp","href":"https:\/\/api.w.org\/{rel}","templated":true}]}}