{"id":6894,"date":"2019-06-12T18:08:55","date_gmt":"2019-06-12T16:08:55","guid":{"rendered":"http:\/\/ecole.ecj23.org\/?p=6894"},"modified":"2019-06-12T18:08:55","modified_gmt":"2019-06-12T16:08:55","slug":"superbe-journee-au-cine","status":"publish","type":"post","link":"https:\/\/ecole.ecj23.org\/index.php\/2019\/06\/12\/superbe-journee-au-cine\/","title":{"rendered":"Superbe journ\u00e9e au \u00ab\u00a0CINE\u00a0\u00bb"},"content":{"rendered":"\n<p>Le jeudi 16 mai 2019, \u00e0 8H, nous\navons pris le tram-train, \u00e0 la Gare de Dornach, pour aller jusqu\u2019\u00e0 Lutterbach.\nNous avons alors march\u00e9 jusqu\u2019au Moulin.<\/p>\n\n\n\n<p>Benjamin nous a accueillis et\nnous a emmen\u00e9s faire le tour de la propri\u00e9t\u00e9. Avec le&nbsp; poster de la for\u00eat que nous avions en classe,\nlors d\u2019une pr\u00e9c\u00e9dente animation, nous avons r\u00e9capitul\u00e9 tout ce que nous avions\nappris avec Benjamin, les deux s\u00e9ances pr\u00e9c\u00e9dentes.<\/p>\n\n\n\n<p>Nous nous sommes r\u00e9partis en 3 groupes et nous avons tourn\u00e9 dans les\nateliers. Chaque atelier avait une mission particuli\u00e8re&nbsp;:<\/p>\n\n\n\n<ul class=\"wp-block-list\"><li>reconna\u00eetre l\u2019\u00e9corce d\u2019un arbre par le toucher<\/li><li>faire l\u2019empreinte d\u2019une feuille d\u2019arbre dans\nl\u2019argile puis dans le pl\u00e2tre<\/li><li>chercher des feuilles d\u2019arbres et les\nreconna\u00eetre.<\/li><\/ul>\n\n\n\n<p>Benjamin a organis\u00e9 un jeu&nbsp;:\nil a pos\u00e9 des questions sur tout ce que nous avions d\u00e9couvert pendant la\nmatin\u00e9e. Chacun devait aller \u00e0 droite si c\u2019\u00e9tait faux ou \u00e0 gauche si c\u2019\u00e9tait\nvrai.<\/p>\n\n\n\n<p>Puis, nous avons pris notre\npique-nique pour reprendre des forces install\u00e9s confortablement sur l\u2019herbe.\nNous avons continu\u00e9 de construire les cabanes que nous avions commenc\u00e9es le\nmatin. Quelques filles se sont amus\u00e9es \u00e0 faire des kaplas avec des b\u00e2tons. Nous\navons tous beaucoup aim\u00e9 ce temps de jeux&nbsp;! Ensuite, nous avons pris la\ndirection de la mare et nous nous sommes r\u00e9unis en 3 \u00e9quipes pour faire des\nactivit\u00e9s diff\u00e9rentes&nbsp;:<\/p>\n\n\n\n<ul class=\"wp-block-list\"><li>P\u00eacher des insectes dans l\u2019eau avec une\n\u00e9puisette<\/li><li>Attraper des insectes volants et des papillons\navec un filet<\/li><li>Inventer un \u00ab&nbsp;dr\u00f4lipattes&nbsp;\u00bb en collant\nsur un papier des \u00e9l\u00e9ments naturels.<\/li><\/ul>\n\n\n\n<p>Nous avons r\u00e9capitul\u00e9 tout ce que\nnous avons d\u00e9couvert, pendant la journ\u00e9e, en compl\u00e9tant le poster de la mare\navec des images <\/p>\n\n\n\n<p>Puis, nous sommes repartis \u00e0 la\ngare pour revenir \u00e0 l\u2019Ecole, heureux de cette belle journ\u00e9e pleine\nd\u2019exp\u00e9riences et de d\u00e9couvertes&nbsp;!<\/p>\n\n\n\n<p style=\"text-align:right\">La classe 9Art<\/p>\n\n\n\n<ul class=\"wp-block-gallery columns-3 is-cropped wp-block-gallery-1 is-layout-flex wp-block-gallery-is-layout-flex\"><li class=\"blocks-gallery-item\"><figure><img loading=\"lazy\" decoding=\"async\" width=\"1024\" height=\"765\" src=\"http:\/\/ecole.ecj23.org\/wp-content\/uploads\/2019\/06\/IMG_3130-1024x765.jpg\" alt=\"\" data-id=\"6895\" data-link=\"http:\/\/ecole.ecj23.org\/?attachment_id=6895\" class=\"wp-image-6895\" srcset=\"https:\/\/ecole.ecj23.org\/wp-content\/uploads\/2019\/06\/IMG_3130-1024x765.jpg 1024w, https:\/\/ecole.ecj23.org\/wp-content\/uploads\/2019\/06\/IMG_3130-300x224.jpg 300w, https:\/\/ecole.ecj23.org\/wp-content\/uploads\/2019\/06\/IMG_3130-768x574.jpg 768w\" sizes=\"auto, (max-width: 1024px) 100vw, 1024px\" \/><\/figure><\/li><li class=\"blocks-gallery-item\"><figure><img loading=\"lazy\" decoding=\"async\" width=\"1024\" height=\"765\" src=\"http:\/\/ecole.ecj23.org\/wp-content\/uploads\/2019\/06\/IMG_3134-1024x765.jpg\" alt=\"\" data-id=\"6896\" data-link=\"http:\/\/ecole.ecj23.org\/?attachment_id=6896\" class=\"wp-image-6896\" srcset=\"https:\/\/ecole.ecj23.org\/wp-content\/uploads\/2019\/06\/IMG_3134-1024x765.jpg 1024w, https:\/\/ecole.ecj23.org\/wp-content\/uploads\/2019\/06\/IMG_3134-300x224.jpg 300w, https:\/\/ecole.ecj23.org\/wp-content\/uploads\/2019\/06\/IMG_3134-768x574.jpg 768w\" sizes=\"auto, (max-width: 1024px) 100vw, 1024px\" \/><\/figure><\/li><li class=\"blocks-gallery-item\"><figure><img loading=\"lazy\" decoding=\"async\" width=\"1024\" height=\"765\" src=\"http:\/\/ecole.ecj23.org\/wp-content\/uploads\/2019\/06\/IMG_3169-1024x765.jpg\" alt=\"\" data-id=\"6897\" data-link=\"http:\/\/ecole.ecj23.org\/?attachment_id=6897\" class=\"wp-image-6897\" srcset=\"https:\/\/ecole.ecj23.org\/wp-content\/uploads\/2019\/06\/IMG_3169-1024x765.jpg 1024w, https:\/\/ecole.ecj23.org\/wp-content\/uploads\/2019\/06\/IMG_3169-300x224.jpg 300w, https:\/\/ecole.ecj23.org\/wp-content\/uploads\/2019\/06\/IMG_3169-768x574.jpg 768w\" sizes=\"auto, (max-width: 1024px) 100vw, 1024px\" \/><\/figure><\/li><li class=\"blocks-gallery-item\"><figure><img loading=\"lazy\" decoding=\"async\" width=\"1024\" height=\"765\" src=\"http:\/\/ecole.ecj23.org\/wp-content\/uploads\/2019\/06\/IMG_3177-1024x765.jpg\" alt=\"\" data-id=\"6898\" data-link=\"http:\/\/ecole.ecj23.org\/?attachment_id=6898\" class=\"wp-image-6898\" srcset=\"https:\/\/ecole.ecj23.org\/wp-content\/uploads\/2019\/06\/IMG_3177-1024x765.jpg 1024w, https:\/\/ecole.ecj23.org\/wp-content\/uploads\/2019\/06\/IMG_3177-300x224.jpg 300w, https:\/\/ecole.ecj23.org\/wp-content\/uploads\/2019\/06\/IMG_3177-768x574.jpg 768w\" sizes=\"auto, (max-width: 1024px) 100vw, 1024px\" \/><\/figure><\/li><li class=\"blocks-gallery-item\"><figure><img loading=\"lazy\" decoding=\"async\" width=\"1024\" height=\"765\" src=\"http:\/\/ecole.ecj23.org\/wp-content\/uploads\/2019\/06\/IMG_3236-1024x765.jpg\" alt=\"\" data-id=\"6899\" data-link=\"http:\/\/ecole.ecj23.org\/?attachment_id=6899\" class=\"wp-image-6899\" srcset=\"https:\/\/ecole.ecj23.org\/wp-content\/uploads\/2019\/06\/IMG_3236-1024x765.jpg 1024w, https:\/\/ecole.ecj23.org\/wp-content\/uploads\/2019\/06\/IMG_3236-300x224.jpg 300w, https:\/\/ecole.ecj23.org\/wp-content\/uploads\/2019\/06\/IMG_3236-768x574.jpg 768w\" sizes=\"auto, (max-width: 1024px) 100vw, 1024px\" \/><\/figure><\/li><\/ul>\n","protected":false},"excerpt":{"rendered":"<p>Le jeudi 16 mai 2019, \u00e0 8H, nous avons pris le tram-train, \u00e0 la Gare de Dornach, pour aller jusqu\u2019\u00e0 Lutterbach. Nous avons alors march\u00e9 jusqu\u2019au Moulin. Benjamin nous a [&hellip;]<\/p>\n","protected":false},"author":10,"featured_media":0,"comment_status":"closed","ping_status":"open","sticky":false,"template":"","format":"standard","meta":{"_jetpack_memberships_contains_paid_content":false,"footnotes":""},"categories":[1],"tags":[],"class_list":["post-6894","post","type-post","status-publish","format-standard","hentry","category-non-classe"],"jetpack_featured_media_url":"","jetpack_sharing_enabled":true,"_links":{"self":[{"href":"https:\/\/ecole.ecj23.org\/index.php\/wp-json\/wp\/v2\/posts\/6894","targetHints":{"allow":["GET"]}}],"collection":[{"href":"https:\/\/ecole.ecj23.org\/index.php\/wp-json\/wp\/v2\/posts"}],"about":[{"href":"https:\/\/ecole.ecj23.org\/index.php\/wp-json\/wp\/v2\/types\/post"}],"author":[{"embeddable":true,"href":"https:\/\/ecole.ecj23.org\/index.php\/wp-json\/wp\/v2\/users\/10"}],"replies":[{"embeddable":true,"href":"https:\/\/ecole.ecj23.org\/index.php\/wp-json\/wp\/v2\/comments?post=6894"}],"version-history":[{"count":1,"href":"https:\/\/ecole.ecj23.org\/index.php\/wp-json\/wp\/v2\/posts\/6894\/revisions"}],"predecessor-version":[{"id":6900,"href":"https:\/\/ecole.ecj23.org\/index.php\/wp-json\/wp\/v2\/posts\/6894\/revisions\/6900"}],"wp:attachment":[{"href":"https:\/\/ecole.ecj23.org\/index.php\/wp-json\/wp\/v2\/media?parent=6894"}],"wp:term":[{"taxonomy":"category","embeddable":true,"href":"https:\/\/ecole.ecj23.org\/index.php\/wp-json\/wp\/v2\/categories?post=6894"},{"taxonomy":"post_tag","embeddable":true,"href":"https:\/\/ecole.ecj23.org\/index.php\/wp-json\/wp\/v2\/tags?post=6894"}],"curies":[{"name":"wp","href":"https:\/\/api.w.org\/{rel}","templated":true}]}}