{"id":7659,"date":"2020-11-17T15:36:10","date_gmt":"2020-11-17T13:36:10","guid":{"rendered":"http:\/\/ecole.ecj23.org\/?p=7659"},"modified":"2023-03-21T09:08:33","modified_gmt":"2023-03-21T08:08:33","slug":"les-cp-a-au-c-i-n-e","status":"publish","type":"post","link":"https:\/\/ecole.ecj23.org\/index.php\/2020\/11\/17\/les-cp-a-au-c-i-n-e\/","title":{"rendered":"Les CP A au C.I.N.E"},"content":{"rendered":"\n<p style=\"text-align:justify\">Vendredi 9 octobre, nous sommes partis en bus pour le C.I.N.E du Moulin \u00e0 Lutterbach.<\/p>\n\n\n\n<p style=\"text-align:justify\">Alice nous a accueillis et nous l\u2019avons suivie sous un ch\u00eane et elle nous a parl\u00e9 de Toto l\u2019\u00e9cureuil qui est n\u00e9 au printemps et qui va vivre son premier automne, il appr\u00e9hende un peu cette saison fra\u00eeche.<\/p>\n\n\n\n<p style=\"text-align:justify\">Ensuite, nous sommes partis en balade avec quelques paniers dans lesquels nous devions d\u00e9poser les fruits, baies, fleurs, graines\u2026 Nous avons ramass\u00e9 beaucoup de glands, des \u00e9glantines, des ch\u00e2taignes, des noix, des pommes, des bonnets du pape, samares, pommes de pin\u2026 Sur le chemin il y avait un orvet, Alice l\u2019a pris en main et nous avons pu le caresser ; c\u2019est bien lisse et doux la peau de l\u2019orvet. A notre retour, nous avons tri\u00e9 notre r\u00e9colte : il y a des fruits comestibles pour les animaux et pas pour nous.<\/p>\n\n\n\n<p style=\"text-align:justify\">Alice nous a propos\u00e9 des ateliers pour continuer nos d\u00e9couvertes sur l\u2019automne : chasse d\u2019automne, parfum d\u2019automne, tableau d\u2019automne, \u00e9crire son pr\u00e9nom avec des glands, jeu de kim avec des fruits, souris ou bonhommes avec des \u00e9glantines, glands ou marrons, sac \u00e0 toucher et l\u2019atelier cuisine o\u00f9 nous avons fait des cookies au butternut.<\/p>\n\n\n\n<p style=\"text-align:justify\">Apr\u00e8s une matin\u00e9e riche et dense en d\u00e9couvertes, nous avons pique-niqu\u00e9 plus ou moins au soleil, un r\u00e9gal. L\u2019apr\u00e8s-midi, chacun a pu profiter du verger pour nous d\u00e9fouler et du coin \u00ab cabanes \u00bb o\u00f9 nous nous sommes bien amus\u00e9s. Certains ont fait d\u2019\u00e9tonnantes \u00ab soupes \u00bb ou \u00ab pur\u00e9es \u00bb de terre\u2026<\/p>\n\n\n\n<p>Pour finir, nous avons go\u00fbt\u00e9 nos cookies et chacun en a rapport\u00e9 deux \u00e0 la maison pour partager en famille.<\/p>\n\n\n\n<p style=\"text-align:justify\">Alice est venue nous saluer et nous a demand\u00e9 si Toto pouvait \u00eatre tranquille pour l\u2019automne et l\u2019hiver ? Oui, Toto, dans la nature, il y a plein de fruits et baies que tu pourras manger pendant la saison froide. Voil\u00e0, ce fut une belle journ\u00e9e.<\/p>\n\n\n\n<p>La classe de CPA<\/p>\n\n\n\n<ul class=\"wp-block-gallery columns-3 is-cropped wp-block-gallery-1 is-layout-flex wp-block-gallery-is-layout-flex\"><li class=\"blocks-gallery-item\"><figure><img loading=\"lazy\" decoding=\"async\" width=\"1024\" height=\"768\" src=\"http:\/\/ecole.ecj23.org\/wp-content\/uploads\/2020\/11\/DSCN2308-1024x768.jpg\" alt=\"\" data-id=\"7663\" data-link=\"http:\/\/ecole.ecj23.org\/?attachment_id=7663\" class=\"wp-image-7663\" srcset=\"https:\/\/ecole.ecj23.org\/wp-content\/uploads\/2020\/11\/DSCN2308-1024x768.jpg 1024w, https:\/\/ecole.ecj23.org\/wp-content\/uploads\/2020\/11\/DSCN2308-300x225.jpg 300w, https:\/\/ecole.ecj23.org\/wp-content\/uploads\/2020\/11\/DSCN2308-768x576.jpg 768w\" sizes=\"auto, (max-width: 1024px) 100vw, 1024px\" \/><\/figure><\/li><li class=\"blocks-gallery-item\"><figure><img loading=\"lazy\" decoding=\"async\" width=\"1024\" height=\"768\" src=\"http:\/\/ecole.ecj23.org\/wp-content\/uploads\/2020\/11\/DSCN2324-1024x768.jpg\" alt=\"\" data-id=\"7662\" data-link=\"http:\/\/ecole.ecj23.org\/?attachment_id=7662\" class=\"wp-image-7662\" srcset=\"https:\/\/ecole.ecj23.org\/wp-content\/uploads\/2020\/11\/DSCN2324-1024x768.jpg 1024w, https:\/\/ecole.ecj23.org\/wp-content\/uploads\/2020\/11\/DSCN2324-300x225.jpg 300w, https:\/\/ecole.ecj23.org\/wp-content\/uploads\/2020\/11\/DSCN2324-768x576.jpg 768w\" sizes=\"auto, (max-width: 1024px) 100vw, 1024px\" \/><\/figure><\/li><li class=\"blocks-gallery-item\"><figure><img loading=\"lazy\" decoding=\"async\" width=\"1024\" height=\"768\" src=\"http:\/\/ecole.ecj23.org\/wp-content\/uploads\/2020\/11\/DSCN2333-1024x768.jpg\" alt=\"\" data-id=\"7660\" data-link=\"http:\/\/ecole.ecj23.org\/?attachment_id=7660\" class=\"wp-image-7660\" srcset=\"https:\/\/ecole.ecj23.org\/wp-content\/uploads\/2020\/11\/DSCN2333-1024x768.jpg 1024w, https:\/\/ecole.ecj23.org\/wp-content\/uploads\/2020\/11\/DSCN2333-300x225.jpg 300w, https:\/\/ecole.ecj23.org\/wp-content\/uploads\/2020\/11\/DSCN2333-768x576.jpg 768w\" sizes=\"auto, (max-width: 1024px) 100vw, 1024px\" \/><\/figure><\/li><li class=\"blocks-gallery-item\"><figure><img loading=\"lazy\" decoding=\"async\" width=\"1024\" height=\"768\" src=\"http:\/\/ecole.ecj23.org\/wp-content\/uploads\/2020\/11\/DSCN2327-1024x768.jpg\" alt=\"\" data-id=\"7661\" data-link=\"http:\/\/ecole.ecj23.org\/?attachment_id=7661\" class=\"wp-image-7661\" srcset=\"https:\/\/ecole.ecj23.org\/wp-content\/uploads\/2020\/11\/DSCN2327-1024x768.jpg 1024w, https:\/\/ecole.ecj23.org\/wp-content\/uploads\/2020\/11\/DSCN2327-300x225.jpg 300w, https:\/\/ecole.ecj23.org\/wp-content\/uploads\/2020\/11\/DSCN2327-768x576.jpg 768w\" sizes=\"auto, (max-width: 1024px) 100vw, 1024px\" \/><\/figure><\/li><\/ul>\n","protected":false},"excerpt":{"rendered":"<p>Vendredi 9 octobre, nous sommes partis en bus pour le C.I.N.E du Moulin \u00e0 Lutterbach. Alice nous a accueillis et nous l\u2019avons suivie sous un ch\u00eane et elle nous a [&hellip;]<\/p>\n","protected":false},"author":10,"featured_media":0,"comment_status":"closed","ping_status":"open","sticky":false,"template":"","format":"standard","meta":{"_jetpack_memberships_contains_paid_content":false,"footnotes":""},"categories":[103,1],"tags":[],"class_list":["post-7659","post","type-post","status-publish","format-standard","hentry","category-2020-2021","category-non-classe"],"jetpack_featured_media_url":"","jetpack_sharing_enabled":true,"_links":{"self":[{"href":"https:\/\/ecole.ecj23.org\/index.php\/wp-json\/wp\/v2\/posts\/7659","targetHints":{"allow":["GET"]}}],"collection":[{"href":"https:\/\/ecole.ecj23.org\/index.php\/wp-json\/wp\/v2\/posts"}],"about":[{"href":"https:\/\/ecole.ecj23.org\/index.php\/wp-json\/wp\/v2\/types\/post"}],"author":[{"embeddable":true,"href":"https:\/\/ecole.ecj23.org\/index.php\/wp-json\/wp\/v2\/users\/10"}],"replies":[{"embeddable":true,"href":"https:\/\/ecole.ecj23.org\/index.php\/wp-json\/wp\/v2\/comments?post=7659"}],"version-history":[{"count":1,"href":"https:\/\/ecole.ecj23.org\/index.php\/wp-json\/wp\/v2\/posts\/7659\/revisions"}],"predecessor-version":[{"id":7664,"href":"https:\/\/ecole.ecj23.org\/index.php\/wp-json\/wp\/v2\/posts\/7659\/revisions\/7664"}],"wp:attachment":[{"href":"https:\/\/ecole.ecj23.org\/index.php\/wp-json\/wp\/v2\/media?parent=7659"}],"wp:term":[{"taxonomy":"category","embeddable":true,"href":"https:\/\/ecole.ecj23.org\/index.php\/wp-json\/wp\/v2\/categories?post=7659"},{"taxonomy":"post_tag","embeddable":true,"href":"https:\/\/ecole.ecj23.org\/index.php\/wp-json\/wp\/v2\/tags?post=7659"}],"curies":[{"name":"wp","href":"https:\/\/api.w.org\/{rel}","templated":true}]}}