{"id":8493,"date":"2022-03-28T15:17:35","date_gmt":"2022-03-28T13:17:35","guid":{"rendered":"http:\/\/ecole.ecj23.org\/?p=8493"},"modified":"2023-03-21T08:47:19","modified_gmt":"2023-03-21T07:47:19","slug":"journee-mondiale-de-la-trisomie-21","status":"publish","type":"post","link":"https:\/\/ecole.ecj23.org\/index.php\/2022\/03\/28\/journee-mondiale-de-la-trisomie-21\/","title":{"rendered":"Journ\u00e9e mondiale de la Trisomie 21"},"content":{"rendered":"\n\n\n<p>Le 21 mars 2022,<\/p>\n\n\n\n<p>A l\u2019occasion de la Journ\u00e9e mondiale de la Trisomie 21, \u00e9l\u00e8ves et enseignants portaient des chaussettes d\u00e9pareill\u00e9es. Tandis que les \u00e9l\u00e8ves de nos classes de CP visionnaient deux clips vid\u00e9o sur le th\u00e8me,<\/p>\n\n\n\n<p>Les \u00e9l\u00e8ves des classes de CM1 participaient \u00e0 un atelier philosophique propos\u00e9 dans la classe par les enseignants.<\/p>\n\n\n\n<p>Voici les liens YouTube des 2 clips vid\u00e9o et quelques photos de cette journ\u00e9e transmises par les enseignants de CPA et CM1B.<\/p>\n\n\n\n<figure class=\"wp-block-gallery has-nested-images columns-default is-cropped wp-block-gallery-1 is-layout-flex wp-block-gallery-is-layout-flex\">\n<figure class=\"wp-block-image size-large\"><a href=\"http:\/\/ecole.ecj23.org\/wp-content\/uploads\/2022\/03\/Photo-preau-1-2-scaled.jpg\"><img loading=\"lazy\" decoding=\"async\" width=\"2122\" height=\"2560\" data-id=\"8492\" src=\"http:\/\/ecole.ecj23.org\/wp-content\/uploads\/2022\/03\/Photo-preau-1-2-scaled.jpg\" alt=\"\" class=\"wp-image-8492\" srcset=\"https:\/\/ecole.ecj23.org\/wp-content\/uploads\/2022\/03\/Photo-preau-1-2-scaled.jpg 2122w, https:\/\/ecole.ecj23.org\/wp-content\/uploads\/2022\/03\/Photo-preau-1-2-249x300.jpg 249w, https:\/\/ecole.ecj23.org\/wp-content\/uploads\/2022\/03\/Photo-preau-1-2-849x1024.jpg 849w, https:\/\/ecole.ecj23.org\/wp-content\/uploads\/2022\/03\/Photo-preau-1-2-768x927.jpg 768w, https:\/\/ecole.ecj23.org\/wp-content\/uploads\/2022\/03\/Photo-preau-1-2-1273x1536.jpg 1273w, https:\/\/ecole.ecj23.org\/wp-content\/uploads\/2022\/03\/Photo-preau-1-2-1697x2048.jpg 1697w\" sizes=\"auto, (max-width: 2122px) 100vw, 2122px\" \/><\/a><\/figure>\n\n\n\n<figure class=\"wp-block-image size-large\"><a href=\"http:\/\/ecole.ecj23.org\/wp-content\/uploads\/2022\/03\/Photo-CPA-Chaussettes-scaled.jpg\"><img loading=\"lazy\" decoding=\"async\" width=\"2560\" height=\"1440\" data-id=\"8491\" src=\"http:\/\/ecole.ecj23.org\/wp-content\/uploads\/2022\/03\/Photo-CPA-Chaussettes-scaled.jpg\" alt=\"\" class=\"wp-image-8491\" srcset=\"https:\/\/ecole.ecj23.org\/wp-content\/uploads\/2022\/03\/Photo-CPA-Chaussettes-scaled.jpg 2560w, https:\/\/ecole.ecj23.org\/wp-content\/uploads\/2022\/03\/Photo-CPA-Chaussettes-300x169.jpg 300w, https:\/\/ecole.ecj23.org\/wp-content\/uploads\/2022\/03\/Photo-CPA-Chaussettes-1024x576.jpg 1024w, https:\/\/ecole.ecj23.org\/wp-content\/uploads\/2022\/03\/Photo-CPA-Chaussettes-768x432.jpg 768w, https:\/\/ecole.ecj23.org\/wp-content\/uploads\/2022\/03\/Photo-CPA-Chaussettes-1536x864.jpg 1536w, https:\/\/ecole.ecj23.org\/wp-content\/uploads\/2022\/03\/Photo-CPA-Chaussettes-2048x1152.jpg 2048w\" sizes=\"auto, (max-width: 2560px) 100vw, 2560px\" \/><\/a><\/figure>\n\n\n\n<figure class=\"wp-block-image size-large\"><a href=\"http:\/\/ecole.ecj23.org\/wp-content\/uploads\/2022\/03\/Photo-CM1B-Chaussettes.jpg\"><img loading=\"lazy\" decoding=\"async\" width=\"2016\" height=\"1512\" data-id=\"8490\" src=\"http:\/\/ecole.ecj23.org\/wp-content\/uploads\/2022\/03\/Photo-CM1B-Chaussettes.jpg\" alt=\"\" class=\"wp-image-8490\" srcset=\"https:\/\/ecole.ecj23.org\/wp-content\/uploads\/2022\/03\/Photo-CM1B-Chaussettes.jpg 2016w, https:\/\/ecole.ecj23.org\/wp-content\/uploads\/2022\/03\/Photo-CM1B-Chaussettes-300x225.jpg 300w, https:\/\/ecole.ecj23.org\/wp-content\/uploads\/2022\/03\/Photo-CM1B-Chaussettes-1024x768.jpg 1024w, https:\/\/ecole.ecj23.org\/wp-content\/uploads\/2022\/03\/Photo-CM1B-Chaussettes-768x576.jpg 768w, https:\/\/ecole.ecj23.org\/wp-content\/uploads\/2022\/03\/Photo-CM1B-Chaussettes-1536x1152.jpg 1536w\" sizes=\"auto, (max-width: 2016px) 100vw, 2016px\" \/><\/a><\/figure>\n<\/figure>\n\n\n\n<figure class=\"wp-block-embed is-type-video is-provider-youtube wp-block-embed-youtube wp-embed-aspect-16-9 wp-has-aspect-ratio\"><div class=\"wp-block-embed__wrapper\">\n<div class=\"jetpack-video-wrapper\"><iframe loading=\"lazy\" title=\"Cilou - Joyeux (Clip Officiel)\" width=\"1170\" height=\"658\" src=\"https:\/\/www.youtube.com\/embed\/pypKyAIVWRs?feature=oembed\" frameborder=\"0\" allow=\"accelerometer; autoplay; clipboard-write; encrypted-media; gyroscope; picture-in-picture\" allowfullscreen><\/iframe><\/div>\n<\/div><\/figure>\n\n\n\n<figure class=\"wp-block-embed is-type-video is-provider-youtube wp-block-embed-youtube wp-embed-aspect-16-9 wp-has-aspect-ratio\"><div class=\"wp-block-embed__wrapper\">\n<div class=\"jetpack-video-wrapper\"><iframe loading=\"lazy\" title=\"Clo &amp; Tim - Un Gourmand d&#039;Amour (Clip Officiel)\" width=\"1170\" height=\"658\" src=\"https:\/\/www.youtube.com\/embed\/17FZMn2v058?feature=oembed\" frameborder=\"0\" allow=\"accelerometer; autoplay; clipboard-write; encrypted-media; gyroscope; picture-in-picture\" allowfullscreen><\/iframe><\/div>\n<\/div><\/figure>\n","protected":false},"excerpt":{"rendered":"<p>Le 21 mars 2022, A l\u2019occasion de la Journ\u00e9e mondiale de la Trisomie 21, \u00e9l\u00e8ves et enseignants portaient des chaussettes d\u00e9pareill\u00e9es. Tandis que les \u00e9l\u00e8ves de nos classes de CP [&hellip;]<\/p>\n","protected":false},"author":10,"featured_media":0,"comment_status":"closed","ping_status":"open","sticky":false,"template":"","format":"standard","meta":{"_jetpack_memberships_contains_paid_content":false,"footnotes":""},"categories":[101,1],"tags":[],"class_list":["post-8493","post","type-post","status-publish","format-standard","hentry","category-2021-2022","category-non-classe"],"jetpack_featured_media_url":"","jetpack_sharing_enabled":true,"_links":{"self":[{"href":"https:\/\/ecole.ecj23.org\/index.php\/wp-json\/wp\/v2\/posts\/8493","targetHints":{"allow":["GET"]}}],"collection":[{"href":"https:\/\/ecole.ecj23.org\/index.php\/wp-json\/wp\/v2\/posts"}],"about":[{"href":"https:\/\/ecole.ecj23.org\/index.php\/wp-json\/wp\/v2\/types\/post"}],"author":[{"embeddable":true,"href":"https:\/\/ecole.ecj23.org\/index.php\/wp-json\/wp\/v2\/users\/10"}],"replies":[{"embeddable":true,"href":"https:\/\/ecole.ecj23.org\/index.php\/wp-json\/wp\/v2\/comments?post=8493"}],"version-history":[{"count":1,"href":"https:\/\/ecole.ecj23.org\/index.php\/wp-json\/wp\/v2\/posts\/8493\/revisions"}],"predecessor-version":[{"id":8494,"href":"https:\/\/ecole.ecj23.org\/index.php\/wp-json\/wp\/v2\/posts\/8493\/revisions\/8494"}],"wp:attachment":[{"href":"https:\/\/ecole.ecj23.org\/index.php\/wp-json\/wp\/v2\/media?parent=8493"}],"wp:term":[{"taxonomy":"category","embeddable":true,"href":"https:\/\/ecole.ecj23.org\/index.php\/wp-json\/wp\/v2\/categories?post=8493"},{"taxonomy":"post_tag","embeddable":true,"href":"https:\/\/ecole.ecj23.org\/index.php\/wp-json\/wp\/v2\/tags?post=8493"}],"curies":[{"name":"wp","href":"https:\/\/api.w.org\/{rel}","templated":true}]}}