{"id":8607,"date":"2022-05-17T08:34:06","date_gmt":"2022-05-17T06:34:06","guid":{"rendered":"http:\/\/ecole.ecj23.org\/?p=8607"},"modified":"2023-03-21T08:47:19","modified_gmt":"2023-03-21T07:47:19","slug":"carnaval-des-cp","status":"publish","type":"post","link":"https:\/\/ecole.ecj23.org\/index.php\/2022\/05\/17\/carnaval-des-cp\/","title":{"rendered":"Carnaval des CP"},"content":{"rendered":"\n<p>Le 25 mars 2022,<\/p>\n\n\n\n<p>Nos \u00e9l\u00e8ves de CP ont f\u00eat\u00e9 Carnaval pendant l\u2019apr\u00e8s-midi.<\/p>\n\n\n\n<p>Apr\u00e8s le retour en classe \u00e0 14h, les 5 classes de CP accompagn\u00e9es de leurs enseignants se sont retrouv\u00e9es dans la petite cour des CP pour une grande farandole.<\/p>\n\n\n\n<p>Tous ont pass\u00e9 une belle apr\u00e8s-midi des plus festives en musique et sous le soleil.<\/p>\n\n\n\n\n\n<figure class=\"wp-block-gallery has-nested-images columns-default is-cropped wp-block-gallery-1 is-layout-flex wp-block-gallery-is-layout-flex\">\n<figure class=\"wp-block-image size-large\"><a href=\"http:\/\/ecole.ecj23.org\/wp-content\/uploads\/2022\/05\/Carnaval-CP-farandole-scaled.jpg\"><img loading=\"lazy\" decoding=\"async\" width=\"1024\" height=\"768\" data-id=\"8612\" src=\"http:\/\/ecole.ecj23.org\/wp-content\/uploads\/2022\/05\/Carnaval-CP-farandole-1024x768.jpg\" alt=\"\" class=\"wp-image-8612\" srcset=\"https:\/\/ecole.ecj23.org\/wp-content\/uploads\/2022\/05\/Carnaval-CP-farandole-1024x768.jpg 1024w, https:\/\/ecole.ecj23.org\/wp-content\/uploads\/2022\/05\/Carnaval-CP-farandole-300x225.jpg 300w, https:\/\/ecole.ecj23.org\/wp-content\/uploads\/2022\/05\/Carnaval-CP-farandole-768x576.jpg 768w, https:\/\/ecole.ecj23.org\/wp-content\/uploads\/2022\/05\/Carnaval-CP-farandole-1536x1152.jpg 1536w, https:\/\/ecole.ecj23.org\/wp-content\/uploads\/2022\/05\/Carnaval-CP-farandole-2048x1536.jpg 2048w\" sizes=\"auto, (max-width: 1024px) 100vw, 1024px\" \/><\/a><\/figure>\n\n\n\n<figure class=\"wp-block-image size-large\"><a href=\"http:\/\/ecole.ecj23.org\/wp-content\/uploads\/2022\/05\/Carnaval-CP-farandole2-scaled.jpg\"><img loading=\"lazy\" decoding=\"async\" width=\"1024\" height=\"768\" data-id=\"8611\" src=\"http:\/\/ecole.ecj23.org\/wp-content\/uploads\/2022\/05\/Carnaval-CP-farandole2-1024x768.jpg\" alt=\"\" class=\"wp-image-8611\" srcset=\"https:\/\/ecole.ecj23.org\/wp-content\/uploads\/2022\/05\/Carnaval-CP-farandole2-1024x768.jpg 1024w, https:\/\/ecole.ecj23.org\/wp-content\/uploads\/2022\/05\/Carnaval-CP-farandole2-300x225.jpg 300w, https:\/\/ecole.ecj23.org\/wp-content\/uploads\/2022\/05\/Carnaval-CP-farandole2-768x576.jpg 768w, https:\/\/ecole.ecj23.org\/wp-content\/uploads\/2022\/05\/Carnaval-CP-farandole2-1536x1152.jpg 1536w, https:\/\/ecole.ecj23.org\/wp-content\/uploads\/2022\/05\/Carnaval-CP-farandole2-2048x1536.jpg 2048w\" sizes=\"auto, (max-width: 1024px) 100vw, 1024px\" \/><\/a><\/figure>\n\n\n\n<figure class=\"wp-block-image size-large\"><a href=\"http:\/\/ecole.ecj23.org\/wp-content\/uploads\/2022\/05\/Carnaval-CP-farandole3-scaled.jpg\"><img loading=\"lazy\" decoding=\"async\" width=\"1024\" height=\"768\" data-id=\"8610\" src=\"http:\/\/ecole.ecj23.org\/wp-content\/uploads\/2022\/05\/Carnaval-CP-farandole3-1024x768.jpg\" alt=\"\" class=\"wp-image-8610\" srcset=\"https:\/\/ecole.ecj23.org\/wp-content\/uploads\/2022\/05\/Carnaval-CP-farandole3-1024x768.jpg 1024w, https:\/\/ecole.ecj23.org\/wp-content\/uploads\/2022\/05\/Carnaval-CP-farandole3-300x225.jpg 300w, https:\/\/ecole.ecj23.org\/wp-content\/uploads\/2022\/05\/Carnaval-CP-farandole3-768x576.jpg 768w, https:\/\/ecole.ecj23.org\/wp-content\/uploads\/2022\/05\/Carnaval-CP-farandole3-1536x1152.jpg 1536w, https:\/\/ecole.ecj23.org\/wp-content\/uploads\/2022\/05\/Carnaval-CP-farandole3-2048x1536.jpg 2048w\" sizes=\"auto, (max-width: 1024px) 100vw, 1024px\" \/><\/a><\/figure>\n\n\n\n<figure class=\"wp-block-image size-large\"><a href=\"http:\/\/ecole.ecj23.org\/wp-content\/uploads\/2022\/05\/Carnaval-CP-farandole4.jpg\"><img loading=\"lazy\" decoding=\"async\" width=\"1024\" height=\"768\" data-id=\"8608\" src=\"http:\/\/ecole.ecj23.org\/wp-content\/uploads\/2022\/05\/Carnaval-CP-farandole4.jpg\" alt=\"\" class=\"wp-image-8608\" srcset=\"https:\/\/ecole.ecj23.org\/wp-content\/uploads\/2022\/05\/Carnaval-CP-farandole4.jpg 1024w, https:\/\/ecole.ecj23.org\/wp-content\/uploads\/2022\/05\/Carnaval-CP-farandole4-300x225.jpg 300w, https:\/\/ecole.ecj23.org\/wp-content\/uploads\/2022\/05\/Carnaval-CP-farandole4-768x576.jpg 768w\" sizes=\"auto, (max-width: 1024px) 100vw, 1024px\" \/><\/a><\/figure>\n\n\n\n<figure class=\"wp-block-image size-large\"><a href=\"http:\/\/ecole.ecj23.org\/wp-content\/uploads\/2022\/05\/Carnaval-CP-farandole5_LI.jpg\"><img loading=\"lazy\" decoding=\"async\" width=\"1024\" height=\"768\" data-id=\"8609\" src=\"http:\/\/ecole.ecj23.org\/wp-content\/uploads\/2022\/05\/Carnaval-CP-farandole5_LI.jpg\" alt=\"\" class=\"wp-image-8609\" srcset=\"https:\/\/ecole.ecj23.org\/wp-content\/uploads\/2022\/05\/Carnaval-CP-farandole5_LI.jpg 1024w, https:\/\/ecole.ecj23.org\/wp-content\/uploads\/2022\/05\/Carnaval-CP-farandole5_LI-300x225.jpg 300w, https:\/\/ecole.ecj23.org\/wp-content\/uploads\/2022\/05\/Carnaval-CP-farandole5_LI-768x576.jpg 768w\" sizes=\"auto, (max-width: 1024px) 100vw, 1024px\" \/><\/a><\/figure>\n<\/figure>\n","protected":false},"excerpt":{"rendered":"<p>Le 25 mars 2022, Nos \u00e9l\u00e8ves de CP ont f\u00eat\u00e9 Carnaval pendant l\u2019apr\u00e8s-midi. Apr\u00e8s le retour en classe \u00e0 14h, les 5 classes de CP accompagn\u00e9es de leurs enseignants se [&hellip;]<\/p>\n","protected":false},"author":10,"featured_media":0,"comment_status":"closed","ping_status":"open","sticky":false,"template":"","format":"standard","meta":{"_jetpack_memberships_contains_paid_content":false,"footnotes":""},"categories":[101,1],"tags":[],"class_list":["post-8607","post","type-post","status-publish","format-standard","hentry","category-2021-2022","category-non-classe"],"jetpack_featured_media_url":"","jetpack_sharing_enabled":true,"_links":{"self":[{"href":"https:\/\/ecole.ecj23.org\/index.php\/wp-json\/wp\/v2\/posts\/8607","targetHints":{"allow":["GET"]}}],"collection":[{"href":"https:\/\/ecole.ecj23.org\/index.php\/wp-json\/wp\/v2\/posts"}],"about":[{"href":"https:\/\/ecole.ecj23.org\/index.php\/wp-json\/wp\/v2\/types\/post"}],"author":[{"embeddable":true,"href":"https:\/\/ecole.ecj23.org\/index.php\/wp-json\/wp\/v2\/users\/10"}],"replies":[{"embeddable":true,"href":"https:\/\/ecole.ecj23.org\/index.php\/wp-json\/wp\/v2\/comments?post=8607"}],"version-history":[{"count":1,"href":"https:\/\/ecole.ecj23.org\/index.php\/wp-json\/wp\/v2\/posts\/8607\/revisions"}],"predecessor-version":[{"id":8613,"href":"https:\/\/ecole.ecj23.org\/index.php\/wp-json\/wp\/v2\/posts\/8607\/revisions\/8613"}],"wp:attachment":[{"href":"https:\/\/ecole.ecj23.org\/index.php\/wp-json\/wp\/v2\/media?parent=8607"}],"wp:term":[{"taxonomy":"category","embeddable":true,"href":"https:\/\/ecole.ecj23.org\/index.php\/wp-json\/wp\/v2\/categories?post=8607"},{"taxonomy":"post_tag","embeddable":true,"href":"https:\/\/ecole.ecj23.org\/index.php\/wp-json\/wp\/v2\/tags?post=8607"}],"curies":[{"name":"wp","href":"https:\/\/api.w.org\/{rel}","templated":true}]}}