{"id":8743,"date":"2022-06-24T15:57:16","date_gmt":"2022-06-24T13:57:16","guid":{"rendered":"http:\/\/ecole.ecj23.org\/?p=8743"},"modified":"2023-03-21T08:46:10","modified_gmt":"2023-03-21T07:46:10","slug":"les-ulis-en-sortie-a-mittlach","status":"publish","type":"post","link":"https:\/\/ecole.ecj23.org\/index.php\/2022\/06\/24\/les-ulis-en-sortie-a-mittlach\/","title":{"rendered":"Les ULIS en sortie \u00e0 Mittlach"},"content":{"rendered":"\n<p>Au mois d\u2019octobre, nous sommes partis avec la classe de CE1E dans la vall\u00e9e de Munster, \u00e0 Mittlach, d\u00e9couvrir la for\u00eat en ce d\u00e9but d\u2019automne. Sophie, de la Ligue pour la Protection des Oiseaux, nous a accompagn\u00e9.<\/p>\n\n\n\n<p>Nous avons observ\u00e9 et \u00e9cout\u00e9 les oiseaux, cherch\u00e9 les traces des diff\u00e9rents animaux vivants dans cet environnement.<\/p>\n\n\n\n<p>Nous avons pu nous entra\u00eener \u00e0 fabriquer des cabanes, puis Sophie nous a initi\u00e9 \u00e0 l\u2019impression de plantes sur du tissu.<\/p>\n\n\n\n<p>Au d\u00e9tour d\u2019un chemin, devant la statue du dernier ours des Vosges, Sophie nous a racont\u00e9 son histoire et les circonstances de sa mort.<\/p>\n\n\n\n<p>Nous avons pass\u00e9 une super journ\u00e9e&nbsp;!<\/p>\n\n\n\n<p>La classe ULIS<\/p>\n\n\n\n\n\n<figure class=\"wp-block-gallery has-nested-images columns-default is-cropped wp-block-gallery-1 is-layout-flex wp-block-gallery-is-layout-flex\">\n<figure class=\"wp-block-image size-large\"><a href=\"http:\/\/ecole.ecj23.org\/wp-content\/uploads\/2022\/06\/IMG_20211001_143020-scaled.jpg\"><img loading=\"lazy\" decoding=\"async\" width=\"1024\" height=\"768\" data-id=\"8746\" src=\"http:\/\/ecole.ecj23.org\/wp-content\/uploads\/2022\/06\/IMG_20211001_143020-1024x768.jpg\" alt=\"\" class=\"wp-image-8746\" srcset=\"https:\/\/ecole.ecj23.org\/wp-content\/uploads\/2022\/06\/IMG_20211001_143020-1024x768.jpg 1024w, https:\/\/ecole.ecj23.org\/wp-content\/uploads\/2022\/06\/IMG_20211001_143020-300x225.jpg 300w, https:\/\/ecole.ecj23.org\/wp-content\/uploads\/2022\/06\/IMG_20211001_143020-768x576.jpg 768w, https:\/\/ecole.ecj23.org\/wp-content\/uploads\/2022\/06\/IMG_20211001_143020-1536x1152.jpg 1536w, https:\/\/ecole.ecj23.org\/wp-content\/uploads\/2022\/06\/IMG_20211001_143020-2048x1536.jpg 2048w\" sizes=\"auto, (max-width: 1024px) 100vw, 1024px\" \/><\/a><\/figure>\n\n\n\n<figure class=\"wp-block-image size-large\"><a href=\"http:\/\/ecole.ecj23.org\/wp-content\/uploads\/2022\/06\/IMG_20211001_150859-scaled.jpg\"><img loading=\"lazy\" decoding=\"async\" width=\"768\" height=\"1024\" data-id=\"8748\" src=\"http:\/\/ecole.ecj23.org\/wp-content\/uploads\/2022\/06\/IMG_20211001_150859-768x1024.jpg\" alt=\"\" class=\"wp-image-8748\" srcset=\"https:\/\/ecole.ecj23.org\/wp-content\/uploads\/2022\/06\/IMG_20211001_150859-768x1024.jpg 768w, https:\/\/ecole.ecj23.org\/wp-content\/uploads\/2022\/06\/IMG_20211001_150859-225x300.jpg 225w, https:\/\/ecole.ecj23.org\/wp-content\/uploads\/2022\/06\/IMG_20211001_150859-1152x1536.jpg 1152w, https:\/\/ecole.ecj23.org\/wp-content\/uploads\/2022\/06\/IMG_20211001_150859-1536x2048.jpg 1536w, https:\/\/ecole.ecj23.org\/wp-content\/uploads\/2022\/06\/IMG_20211001_150859-scaled.jpg 1920w\" sizes=\"auto, (max-width: 768px) 100vw, 768px\" \/><\/a><\/figure>\n\n\n\n<figure class=\"wp-block-image size-large\"><a href=\"http:\/\/ecole.ecj23.org\/wp-content\/uploads\/2022\/06\/IMG_20211001_105546-scaled.jpg\"><img loading=\"lazy\" decoding=\"async\" width=\"768\" height=\"1024\" data-id=\"8744\" src=\"http:\/\/ecole.ecj23.org\/wp-content\/uploads\/2022\/06\/IMG_20211001_105546-768x1024.jpg\" alt=\"\" class=\"wp-image-8744\" srcset=\"https:\/\/ecole.ecj23.org\/wp-content\/uploads\/2022\/06\/IMG_20211001_105546-768x1024.jpg 768w, https:\/\/ecole.ecj23.org\/wp-content\/uploads\/2022\/06\/IMG_20211001_105546-225x300.jpg 225w, https:\/\/ecole.ecj23.org\/wp-content\/uploads\/2022\/06\/IMG_20211001_105546-1152x1536.jpg 1152w, https:\/\/ecole.ecj23.org\/wp-content\/uploads\/2022\/06\/IMG_20211001_105546-1536x2048.jpg 1536w, https:\/\/ecole.ecj23.org\/wp-content\/uploads\/2022\/06\/IMG_20211001_105546-scaled.jpg 1920w\" sizes=\"auto, (max-width: 768px) 100vw, 768px\" \/><\/a><\/figure>\n\n\n\n<figure class=\"wp-block-image size-large\"><a href=\"http:\/\/ecole.ecj23.org\/wp-content\/uploads\/2022\/06\/IMG_20211001_135725-scaled.jpg\"><img loading=\"lazy\" decoding=\"async\" width=\"1024\" height=\"768\" data-id=\"8747\" src=\"http:\/\/ecole.ecj23.org\/wp-content\/uploads\/2022\/06\/IMG_20211001_135725-1024x768.jpg\" alt=\"\" class=\"wp-image-8747\" srcset=\"https:\/\/ecole.ecj23.org\/wp-content\/uploads\/2022\/06\/IMG_20211001_135725-1024x768.jpg 1024w, https:\/\/ecole.ecj23.org\/wp-content\/uploads\/2022\/06\/IMG_20211001_135725-300x225.jpg 300w, https:\/\/ecole.ecj23.org\/wp-content\/uploads\/2022\/06\/IMG_20211001_135725-768x576.jpg 768w, https:\/\/ecole.ecj23.org\/wp-content\/uploads\/2022\/06\/IMG_20211001_135725-1536x1152.jpg 1536w, https:\/\/ecole.ecj23.org\/wp-content\/uploads\/2022\/06\/IMG_20211001_135725-2048x1536.jpg 2048w\" sizes=\"auto, (max-width: 1024px) 100vw, 1024px\" \/><\/a><\/figure>\n\n\n\n<figure class=\"wp-block-image size-large\"><a href=\"http:\/\/ecole.ecj23.org\/wp-content\/uploads\/2022\/06\/IMG_20211001_104422-scaled.jpg\"><img loading=\"lazy\" decoding=\"async\" width=\"1024\" height=\"768\" data-id=\"8745\" src=\"http:\/\/ecole.ecj23.org\/wp-content\/uploads\/2022\/06\/IMG_20211001_104422-1024x768.jpg\" alt=\"\" class=\"wp-image-8745\" srcset=\"https:\/\/ecole.ecj23.org\/wp-content\/uploads\/2022\/06\/IMG_20211001_104422-1024x768.jpg 1024w, https:\/\/ecole.ecj23.org\/wp-content\/uploads\/2022\/06\/IMG_20211001_104422-300x225.jpg 300w, https:\/\/ecole.ecj23.org\/wp-content\/uploads\/2022\/06\/IMG_20211001_104422-768x576.jpg 768w, https:\/\/ecole.ecj23.org\/wp-content\/uploads\/2022\/06\/IMG_20211001_104422-1536x1152.jpg 1536w, https:\/\/ecole.ecj23.org\/wp-content\/uploads\/2022\/06\/IMG_20211001_104422-2048x1536.jpg 2048w\" sizes=\"auto, (max-width: 1024px) 100vw, 1024px\" \/><\/a><\/figure>\n<\/figure>\n","protected":false},"excerpt":{"rendered":"<p>Au mois d\u2019octobre, nous sommes partis avec la classe de CE1E dans la vall\u00e9e de Munster, \u00e0 Mittlach, d\u00e9couvrir la for\u00eat en ce d\u00e9but d\u2019automne. Sophie, de la Ligue pour [&hellip;]<\/p>\n","protected":false},"author":10,"featured_media":0,"comment_status":"closed","ping_status":"open","sticky":false,"template":"","format":"standard","meta":{"_jetpack_memberships_contains_paid_content":false,"footnotes":""},"categories":[101,1],"tags":[],"class_list":["post-8743","post","type-post","status-publish","format-standard","hentry","category-2021-2022","category-non-classe"],"jetpack_featured_media_url":"","jetpack_sharing_enabled":true,"_links":{"self":[{"href":"https:\/\/ecole.ecj23.org\/index.php\/wp-json\/wp\/v2\/posts\/8743","targetHints":{"allow":["GET"]}}],"collection":[{"href":"https:\/\/ecole.ecj23.org\/index.php\/wp-json\/wp\/v2\/posts"}],"about":[{"href":"https:\/\/ecole.ecj23.org\/index.php\/wp-json\/wp\/v2\/types\/post"}],"author":[{"embeddable":true,"href":"https:\/\/ecole.ecj23.org\/index.php\/wp-json\/wp\/v2\/users\/10"}],"replies":[{"embeddable":true,"href":"https:\/\/ecole.ecj23.org\/index.php\/wp-json\/wp\/v2\/comments?post=8743"}],"version-history":[{"count":1,"href":"https:\/\/ecole.ecj23.org\/index.php\/wp-json\/wp\/v2\/posts\/8743\/revisions"}],"predecessor-version":[{"id":8749,"href":"https:\/\/ecole.ecj23.org\/index.php\/wp-json\/wp\/v2\/posts\/8743\/revisions\/8749"}],"wp:attachment":[{"href":"https:\/\/ecole.ecj23.org\/index.php\/wp-json\/wp\/v2\/media?parent=8743"}],"wp:term":[{"taxonomy":"category","embeddable":true,"href":"https:\/\/ecole.ecj23.org\/index.php\/wp-json\/wp\/v2\/categories?post=8743"},{"taxonomy":"post_tag","embeddable":true,"href":"https:\/\/ecole.ecj23.org\/index.php\/wp-json\/wp\/v2\/tags?post=8743"}],"curies":[{"name":"wp","href":"https:\/\/api.w.org\/{rel}","templated":true}]}}