{"id":9103,"date":"2022-11-24T15:37:14","date_gmt":"2022-11-24T14:37:14","guid":{"rendered":"http:\/\/ecole.ecj23.org\/?p=9103"},"modified":"2023-03-21T08:45:20","modified_gmt":"2023-03-21T07:45:20","slug":"sortie-cpa-au-moulin-nature","status":"publish","type":"post","link":"https:\/\/ecole.ecj23.org\/index.php\/2022\/11\/24\/sortie-cpa-au-moulin-nature\/","title":{"rendered":"CPA &#8211; Sortie au Moulin Nature"},"content":{"rendered":"\n<p><strong>Mardi 18 octobre, la classe de CPA est partie en sortie au Centre d\u2019Initiation \u00e0 la Nature et \u00e0 l\u2019Environnement (CINE) du Moulin \u00e0 Lutterbach. Ana\u00efs nous a accueillis.<\/strong><\/p>\n\n\n\n<p><strong>Au programme des ateliers sur l\u2019automne. Un des ateliers nous a permis de faire du beurre, moudre les grains de bl\u00e9 pour faire la farine. Ce beurre et cette farine ont \u00e9t\u00e9 malax\u00e9s avec d\u2019autres ingr\u00e9dients pour faire un g\u00e2teau au butternut. Merci Ana\u00efs.<\/strong><\/p>\n\n\n\n<p><strong>Nous avons pique-niqu\u00e9 au soleil et des ch\u00e2taignes grillaient sur le feu de bois.<br>L\u2019apr\u00e8s-midi, nous avons jou\u00e9 dans les cabanes et dans l\u2019espace bois\u00e9 du verger. Nous avons pass\u00e9 une bonne journ\u00e9e.<\/strong><\/p>\n\n\n\n<figure class=\"wp-block-image size-large\"><a href=\"http:\/\/ecole.ecj23.org\/wp-content\/uploads\/2022\/11\/CPA_MOULIN-NATURE_18-oct-2022_page-0001.jpg\"><img loading=\"lazy\" decoding=\"async\" width=\"1024\" height=\"724\" src=\"http:\/\/ecole.ecj23.org\/wp-content\/uploads\/2022\/11\/CPA_MOULIN-NATURE_18-oct-2022_page-0001-1024x724.jpg\" alt=\"\" class=\"wp-image-9102\" srcset=\"https:\/\/ecole.ecj23.org\/wp-content\/uploads\/2022\/11\/CPA_MOULIN-NATURE_18-oct-2022_page-0001-1024x724.jpg 1024w, https:\/\/ecole.ecj23.org\/wp-content\/uploads\/2022\/11\/CPA_MOULIN-NATURE_18-oct-2022_page-0001-300x212.jpg 300w, https:\/\/ecole.ecj23.org\/wp-content\/uploads\/2022\/11\/CPA_MOULIN-NATURE_18-oct-2022_page-0001-768x543.jpg 768w, https:\/\/ecole.ecj23.org\/wp-content\/uploads\/2022\/11\/CPA_MOULIN-NATURE_18-oct-2022_page-0001-1536x1086.jpg 1536w, https:\/\/ecole.ecj23.org\/wp-content\/uploads\/2022\/11\/CPA_MOULIN-NATURE_18-oct-2022_page-0001.jpg 1755w\" sizes=\"auto, (max-width: 1024px) 100vw, 1024px\" \/><\/a><\/figure>\n","protected":false},"excerpt":{"rendered":"<p>Mardi 18 octobre, la classe de CPA est partie en sortie au Centre d\u2019Initiation \u00e0 la Nature et \u00e0 l\u2019Environnement (CINE) du Moulin \u00e0 Lutterbach. Ana\u00efs nous a accueillis. Au [&hellip;]<\/p>\n","protected":false},"author":10,"featured_media":0,"comment_status":"closed","ping_status":"open","sticky":false,"template":"","format":"standard","meta":{"_jetpack_memberships_contains_paid_content":false,"footnotes":""},"categories":[102,1],"tags":[],"class_list":["post-9103","post","type-post","status-publish","format-standard","hentry","category-2022-2023","category-non-classe"],"jetpack_featured_media_url":"","jetpack_sharing_enabled":true,"_links":{"self":[{"href":"https:\/\/ecole.ecj23.org\/index.php\/wp-json\/wp\/v2\/posts\/9103","targetHints":{"allow":["GET"]}}],"collection":[{"href":"https:\/\/ecole.ecj23.org\/index.php\/wp-json\/wp\/v2\/posts"}],"about":[{"href":"https:\/\/ecole.ecj23.org\/index.php\/wp-json\/wp\/v2\/types\/post"}],"author":[{"embeddable":true,"href":"https:\/\/ecole.ecj23.org\/index.php\/wp-json\/wp\/v2\/users\/10"}],"replies":[{"embeddable":true,"href":"https:\/\/ecole.ecj23.org\/index.php\/wp-json\/wp\/v2\/comments?post=9103"}],"version-history":[{"count":2,"href":"https:\/\/ecole.ecj23.org\/index.php\/wp-json\/wp\/v2\/posts\/9103\/revisions"}],"predecessor-version":[{"id":9468,"href":"https:\/\/ecole.ecj23.org\/index.php\/wp-json\/wp\/v2\/posts\/9103\/revisions\/9468"}],"wp:attachment":[{"href":"https:\/\/ecole.ecj23.org\/index.php\/wp-json\/wp\/v2\/media?parent=9103"}],"wp:term":[{"taxonomy":"category","embeddable":true,"href":"https:\/\/ecole.ecj23.org\/index.php\/wp-json\/wp\/v2\/categories?post=9103"},{"taxonomy":"post_tag","embeddable":true,"href":"https:\/\/ecole.ecj23.org\/index.php\/wp-json\/wp\/v2\/tags?post=9103"}],"curies":[{"name":"wp","href":"https:\/\/api.w.org\/{rel}","templated":true}]}}